{"id":5002,"date":"2024-07-03T22:49:49","date_gmt":"2024-07-03T19:49:49","guid":{"rendered":"https:\/\/haberkaradenizim.com\/index.php\/2024\/07\/03\/hemsire-saniye-ozmen-cinayetinde-sok-gelisme\/"},"modified":"2024-07-03T22:49:49","modified_gmt":"2024-07-03T19:49:49","slug":"hemsire-saniye-ozmen-cinayetinde-sok-gelisme","status":"publish","type":"post","link":"https:\/\/haberkaradenizim.com\/index.php\/2024\/07\/03\/hemsire-saniye-ozmen-cinayetinde-sok-gelisme\/","title":{"rendered":"Hem\u015fire Saniye \u00d6zmen Cinayetinde \u015eok Geli\u015fme"},"content":{"rendered":"<p> [ad_1]<br \/>\n<\/p>\n<div data-text-id=\"36978\" property=\"articleBody\">\n<p><meta charset=\"UTF-8\"\/>Savc\u0131l\u0131k, U\u011furlu\u2019yu Ankara\u2019dan Adana\u2019ya getiren i\u015f insan\u0131 arkada\u015f\u0131 Hamdi K.\u2019nin de \u015f\u00fcpheli s\u0131fat\u0131yla ifadesinin al\u0131nmas\u0131 talimat\u0131n\u0131 verdi. Hamdi K., Halktv\u2019ye yapt\u0131\u011f\u0131 a\u00e7\u0131klamada, \u201cOlayla ilgim yok\u201d dedi.<\/p>\n<h2>K\u0131sa S\u00fcreli Evlilik ve Cinayet<\/h2>\n<p>Saniye \u00d6zmen (40), Adana\u2019da iki \u00e7ocu\u011fu ile birlikte ailesiyle ya\u015f\u0131yor ve Y\u00fcre\u011fir Devlet Hastanesi\u2019nde hem\u015fire olarak g\u00f6rev yap\u0131yordu. \u00d6zmen, bir s\u00fcre \u00f6nce Ankara Bala il\u00e7esinde galerici olan \u0130hsan U\u011furlu (63) ile tan\u0131\u015fm\u0131\u015f ve \u00e7ift, 1 y\u0131l 4 ay s\u00fcren bir evlilik ya\u015fam\u0131\u015ft\u0131.\u00a0<\/p>\n<p>Ancak anla\u015fmazl\u0131klar nedeniyle \u00d6zmen, bo\u015fanma karar\u0131 alm\u0131\u015f ve \u00e7ocuklar\u0131yla birlikte Adana\u2019daki annesinin yan\u0131na yerle\u015fmi\u015fti. Bu s\u00fcre\u00e7te, U\u011furlu\u2019nun \u00d6zmen\u2019i rahats\u0131z etmeye devam etti\u011fi \u00f6\u011frenildi.<\/p>\n<h2>Otoparkta Pusu ve Cinayet<\/h2>\n<p>8 Haziran sabah\u0131 \u0130hsan U\u011furlu, arkada\u015f\u0131 Hamdi K.\u2019nin arac\u0131yla Adana\u2019ya geldi. G\u00fcvenlik kameralar\u0131na g\u00f6re, ara\u00e7 \u00d6zmen\u2019in ya\u015fad\u0131\u011f\u0131 sitenin otopark\u0131na park edildi ve sabah 07.08\u2019de arac\u0131 park eden ikili, \u00d6zmen\u2019in evden \u00e7\u0131kmas\u0131n\u0131 beklemeye ba\u015flad\u0131. Saat 08.00\u2019e do\u011fru i\u015fe gitmek \u00fczere evden \u00e7\u0131kan Saniye \u00d6zmen, arac\u0131na bindi\u011fi anda U\u011furlu da araca girdi.\u00a0<\/p>\n<p>O s\u0131rada, torununu s\u0131nava g\u00f6t\u00fcrmek \u00fczere orada bulunan Seyfettin \u00d6z, ya\u015fanan deh\u015feti anlatt\u0131: \u201c50-60 ya\u015flar\u0131nda biri ko\u015farak yan\u0131mdan ge\u00e7ti ve beyaz bir araca bindi. Ara\u00e7ta kad\u0131n ba\u011f\u0131r\u0131\u015flar\u0131 duyunca araca y\u00f6neldim. Erkek, kad\u0131na yumruk at\u0131yordu ve kad\u0131n yard\u0131m istiyordu. Cam\u0131 \u00e7ald\u0131m ve torunum polisi arad\u0131. O s\u0131rada adam kad\u0131na silahla ate\u015f etti.\u201d<\/p>\n<h2>U\u011furlu\u2019nun \u00d6nceki Evlilikleri<\/h2>\n<p>\u0130hsan U\u011furlu\u2019nun daha \u00f6nce iki evlilik yapt\u0131\u011f\u0131 \u00f6\u011frenildi. Kamera kay\u0131tlar\u0131na g\u00f6re, U\u011furlu \u00d6zmen\u2019in arac\u0131ndayken Hamdi K. da olay yerinde bekliyordu. Hamdi K., zaman zaman arac\u0131n kap\u0131s\u0131n\u0131 a\u00e7\u0131k tutarak, U\u011furlu\u2019nun bulundu\u011fu y\u00f6ne bakt\u0131.<\/p>\n<div class=\"post-flash\">\n<p><a href=\"https:\/\/www.saglikpersonelihaber.net\/yeni-saglik-bakani-memisoglundan-saglik-calisanlarina-destek-mesaji\" class=\"post-flash__content\" target=\"_self\" title=\"Yeni Sa\u011fl\u0131k Bakan\u0131 Memi\u015fo\u011flu'ndan Sa\u011fl\u0131k \u00c7al\u0131\u015fanlar\u0131na Destek Mesaj\u0131!\" style=\"background-color: #A61C1E\" rel=\"noopener\"><br \/>\n<img loading=\"lazy\" decoding=\"async\" src=\"https:\/\/saglikpersonelihabernet.teimg.com\/crop\/250x150\/saglikpersonelihaber-net\/uploads\/2024\/07\/memisoglundan-saglik-calisanlarina-destek-meseji.jpg\" alt=\"Yeni Sa\u011fl\u0131k Bakan\u0131 Memi\u015fo\u011flu'ndan Sa\u011fl\u0131k \u00c7al\u0131\u015fanlar\u0131na Destek Mesaj\u0131!\" width=\"231\" height=\"140\" class=\"content-paragraph-image\"\/><br \/>\n<span class=\"post-flash__heading\"><br \/>\n<span class=\"post-flash__h4\">Yeni Sa\u011fl\u0131k Bakan\u0131 Memi\u015fo\u011flu&#8217;ndan Sa\u011fl\u0131k \u00c7al\u0131\u015fanlar\u0131na Destek Mesaj\u0131!<\/span><br \/>\n<\/span><br \/>\n<\/a>\n<\/div>\n<h2>Ailenin \u0130ddialar\u0131 ve Hamdi K.\u2019nin A\u00e7\u0131klamalar\u0131<\/h2>\n<p>Saniye \u00d6zmen\u2019in annesi Naime \u00d6zmen, k\u0131z\u0131n\u0131n \u00f6l\u00fcm haberini polislerden \u00f6\u011frendi\u011finde, U\u011furlu ile birlikte gelen ki\u015finin de olaydan haberdar oldu\u011funu d\u00fc\u015f\u00fcnd\u00fc\u011f\u00fcn\u00fc belirtti. Hamdi K., Halktv\u2019ye yapt\u0131\u011f\u0131 a\u00e7\u0131klamada, \u0130hsan U\u011furlu\u2019nun i\u015fleyece\u011fi cinayetten haberi olmad\u0131\u011f\u0131n\u0131 s\u00f6yledi. K., \u201cPolis beni \u00e7a\u011f\u0131rs\u0131n, gidip onlara da anlataca\u011f\u0131m. Bu olay beni mahvetti,\u201d dedi. U\u011furlu\u2019nun Adana\u2019ya geldiklerinde kendisine \u201cBen han\u0131ma bakay\u0131m, gelece\u011fim\u201d dedi\u011fini ve bir s\u00fcre sonra ambulans geldi\u011fini, ancak ne oldu\u011funu bilmedi\u011fini ifade etti. Olaydan ancak U\u011furlu\u2019nun bald\u0131z\u0131 Hava han\u0131m\u0131n kendisini aramas\u0131yla haberdar oldu\u011funu belirtti.<\/p>\n<h2>Savc\u0131l\u0131\u011f\u0131n Talimat\u0131<\/h2>\n<p>Savc\u0131l\u0131k, Hamdi K.\u2019nin \u015f\u00fcpheli s\u0131fat\u0131yla ifadesinin al\u0131nmas\u0131 y\u00f6n\u00fcnde talimat verdi. Bu geli\u015fme, soru\u015fturman\u0131n seyrini de\u011fi\u015ftirebilir ve cinayetin ard\u0131ndaki detaylar\u0131 ortaya \u00e7\u0131karabilir. Hamdi K.\u2018nin, U\u011furlu\u2019nun cinayeti i\u015fleyece\u011finden haberdar olup olmad\u0131\u011f\u0131, savc\u0131l\u0131k taraf\u0131ndan detayl\u0131 bir \u015fekilde incelenecek.<\/p>\n<\/div>\n<p>[ad_2]<br \/>\n<br \/><a href=\"https:\/\/www.saglikpersonelihaber.net\/hemsire-saniye-ozmen-cinayetinde-sok-gelisme\">Source link <\/a><\/p>\n","protected":false},"excerpt":{"rendered":"<p>[ad_1] Savc\u0131l\u0131k, U\u011furlu\u2019yu Ankara\u2019dan Adana\u2019ya getiren i\u015f insan\u0131 arkada\u015f\u0131 Hamdi K.\u2019nin de \u015f\u00fcpheli s\u0131fat\u0131yla ifadesinin<\/p>\n","protected":false},"author":1,"featured_media":5003,"comment_status":"open","ping_status":"open","sticky":false,"template":"","format":"standard","meta":{"footnotes":""},"categories":[27],"tags":[],"class_list":["post-5002","post","type-post","status-publish","format-standard","has-post-thumbnail","hentry","category-saglik"],"_links":{"self":[{"href":"https:\/\/haberkaradenizim.com\/index.php\/wp-json\/wp\/v2\/posts\/5002","targetHints":{"allow":["GET"]}}],"collection":[{"href":"https:\/\/haberkaradenizim.com\/index.php\/wp-json\/wp\/v2\/posts"}],"about":[{"href":"https:\/\/haberkaradenizim.com\/index.php\/wp-json\/wp\/v2\/types\/post"}],"author":[{"embeddable":true,"href":"https:\/\/haberkaradenizim.com\/index.php\/wp-json\/wp\/v2\/users\/1"}],"replies":[{"embeddable":true,"href":"https:\/\/haberkaradenizim.com\/index.php\/wp-json\/wp\/v2\/comments?post=5002"}],"version-history":[{"count":0,"href":"https:\/\/haberkaradenizim.com\/index.php\/wp-json\/wp\/v2\/posts\/5002\/revisions"}],"wp:featuredmedia":[{"embeddable":true,"href":"https:\/\/haberkaradenizim.com\/index.php\/wp-json\/wp\/v2\/media\/5003"}],"wp:attachment":[{"href":"https:\/\/haberkaradenizim.com\/index.php\/wp-json\/wp\/v2\/media?parent=5002"}],"wp:term":[{"taxonomy":"category","embeddable":true,"href":"https:\/\/haberkaradenizim.com\/index.php\/wp-json\/wp\/v2\/categories?post=5002"},{"taxonomy":"post_tag","embeddable":true,"href":"https:\/\/haberkaradenizim.com\/index.php\/wp-json\/wp\/v2\/tags?post=5002"}],"curies":[{"name":"wp","href":"https:\/\/api.w.org\/{rel}","templated":true}]}}