{"id":4991,"date":"2024-07-03T20:45:55","date_gmt":"2024-07-03T17:45:55","guid":{"rendered":"https:\/\/haberkaradenizim.com\/index.php\/2024\/07\/03\/galatasaray-abdli-basketbolcu-otis-livingstoni-transfer-etti-son-dakika-galatasaray-haberleri\/"},"modified":"2024-07-03T20:45:55","modified_gmt":"2024-07-03T17:45:55","slug":"galatasaray-abdli-basketbolcu-otis-livingstoni-transfer-etti-son-dakika-galatasaray-haberleri","status":"publish","type":"post","link":"https:\/\/haberkaradenizim.com\/index.php\/2024\/07\/03\/galatasaray-abdli-basketbolcu-otis-livingstoni-transfer-etti-son-dakika-galatasaray-haberleri\/","title":{"rendered":"Galatasaray ABD\u2019li basketbolcu Otis Livingston\u2019\u0131 transfer etti &#8211; Son dakika Galatasaray haberleri"},"content":{"rendered":"<p><<img decoding=\"async\" src=\"https:\/\/iaftm.tmgrup.com.tr\/3497e4\/1200\/675\/53\/0\/950\/504?u=https:\/\/iftm.tmgrup.com.tr\/2024\/07\/03\/galatasaray-abdli-basketbolcu-otis-livingstoni-transfer-etti-1720024699412.jpeg\" \/><\/p>\n<div id=\"\">&#13;<br \/>\n&#13;<br \/>\n&#13;<\/p>\n<p><a href=\"https:\/\/www.fotomac.com.tr\/haberleri\/galatasaray_360186657892?id=3244342f-a271-458a-9df6-4ce02ec4287d\" class=\"\">Galatasaray<\/a> Erkek Basketbol Tak\u0131m\u0131, <a href=\"https:\/\/www.fotomac.com.tr\/haberleri\/abd?id=31e27dd9-00db-4acd-9d53-3b9865a91168\" class=\"\">ABD<\/a>&#8216;li oyuncu <a href=\"https:\/\/www.fotomac.com.tr\/haberleri\/otis-livingston?id=90c0bcba-a09f-44ca-80af-c403e246197f\" class=\"\">Otis Livingston<\/a>&#8216;\u0131 kadrosuna katt\u0131.<\/p>\n<p>&#13;<br \/>\n&#13;<\/p>\n<p>Sar\u0131-k\u0131rm\u0131z\u0131l\u0131 kul\u00fcpten yap\u0131lan a\u00e7\u0131klamaya g\u00f6re, 27 ya\u015f\u0131ndaki skorer oyun kurucuyla 1 y\u0131ll\u0131k s\u00f6zle\u015fme imzaland\u0131.<\/p>\n<p>&#13;<br \/>\n&#13;<\/p>\n<p>Son olarak <a href=\"https:\/\/www.fotomac.com.tr\/haberleri\/wurzburg-baskets?id=918b9b4e-f50e-4873-8de6-8b6b6210db0e\" class=\"\">W\u00fcrzburg Baskets<\/a>&#8216;te forma giyen Livingston, ge\u00e7en sezon <a href=\"https:\/\/www.fotomac.com.tr\/haberleri\/almanya-basketbol-ligi?id=be1988c1-da36-4989-9985-abf84848eba2\" class=\"\">Almanya Basketbol Ligi<\/a>&#8216;nin en de\u011ferli oyuncusu se\u00e7ildi.<\/p>\n<p>&#13;<br \/>\n&#13;<br \/>\n&#13;<br \/>\n&#13;<br \/>\n&#13;<br \/>\n                        &#13;<br \/>\n&#13;\n            <\/p><\/div>\n","protected":false},"excerpt":{"rendered":"","protected":false},"author":1,"featured_media":4992,"comment_status":"open","ping_status":"open","sticky":false,"template":"","format":"standard","meta":{"footnotes":""},"categories":[29],"tags":[],"class_list":["post-4991","post","type-post","status-publish","format-standard","has-post-thumbnail","hentry","category-spor"],"_links":{"self":[{"href":"https:\/\/haberkaradenizim.com\/index.php\/wp-json\/wp\/v2\/posts\/4991","targetHints":{"allow":["GET"]}}],"collection":[{"href":"https:\/\/haberkaradenizim.com\/index.php\/wp-json\/wp\/v2\/posts"}],"about":[{"href":"https:\/\/haberkaradenizim.com\/index.php\/wp-json\/wp\/v2\/types\/post"}],"author":[{"embeddable":true,"href":"https:\/\/haberkaradenizim.com\/index.php\/wp-json\/wp\/v2\/users\/1"}],"replies":[{"embeddable":true,"href":"https:\/\/haberkaradenizim.com\/index.php\/wp-json\/wp\/v2\/comments?post=4991"}],"version-history":[{"count":0,"href":"https:\/\/haberkaradenizim.com\/index.php\/wp-json\/wp\/v2\/posts\/4991\/revisions"}],"wp:featuredmedia":[{"embeddable":true,"href":"https:\/\/haberkaradenizim.com\/index.php\/wp-json\/wp\/v2\/media\/4992"}],"wp:attachment":[{"href":"https:\/\/haberkaradenizim.com\/index.php\/wp-json\/wp\/v2\/media?parent=4991"}],"wp:term":[{"taxonomy":"category","embeddable":true,"href":"https:\/\/haberkaradenizim.com\/index.php\/wp-json\/wp\/v2\/categories?post=4991"},{"taxonomy":"post_tag","embeddable":true,"href":"https:\/\/haberkaradenizim.com\/index.php\/wp-json\/wp\/v2\/tags?post=4991"}],"curies":[{"name":"wp","href":"https:\/\/api.w.org\/{rel}","templated":true}]}}