{"id":3759,"date":"2024-04-16T13:08:00","date_gmt":"2024-04-16T10:08:00","guid":{"rendered":"https:\/\/haberkaradenizim.com\/index.php\/2024\/04\/16\/memurlar-sendika-aidati-kesintisine-tepkili\/"},"modified":"2024-04-16T13:08:00","modified_gmt":"2024-04-16T10:08:00","slug":"memurlar-sendika-aidati-kesintisine-tepkili","status":"publish","type":"post","link":"https:\/\/haberkaradenizim.com\/index.php\/2024\/04\/16\/memurlar-sendika-aidati-kesintisine-tepkili\/","title":{"rendered":"Memurlar sendika aidat\u0131 kesintisine tepkili"},"content":{"rendered":"<div data-text-id=\"33634\" property=\"articleBody\">\n<div class=\"post-flash\">\n<p><a href=\"https:\/\/www.saglikpersonelihaber.net\/ali-yalcina-yargi-dur-dedi-kusadasina-luks-villa-yaptirmayi-akil-edenler\" class=\"post-flash__content\" target=\"_self\" title=\"Ali Yal\u00e7\u0131n\u2019a yarg\u0131 dur dedi! Ku\u015fadas\u0131\u2019na l\u00fcks villa yapt\u0131rmay\u0131 ak\u0131l edenler..\" style=\"background-color: #A61C1E\" rel=\"noopener\"><br \/>\n<img loading=\"lazy\" decoding=\"async\" src=\"https:\/\/saglikpersonelihabernet.teimg.com\/crop\/250x150\/saglikpersonelihaber-net\/uploads\/2024\/04\/ali-yalcin-yargi-dur-dedi.jpg\" alt=\"Ali Yal\u00e7\u0131n\u2019a yarg\u0131 dur dedi! Ku\u015fadas\u0131\u2019na l\u00fcks villa yapt\u0131rmay\u0131 ak\u0131l edenler..\" width=\"231\" height=\"140\" class=\"content-paragraph-image\"\/><br \/>\n<span class=\"post-flash__heading\"><br \/>\n<span class=\"post-flash__h4\">Ali Yal\u00e7\u0131n\u2019a yarg\u0131 dur dedi! Ku\u015fadas\u0131\u2019na l\u00fcks villa yapt\u0131rmay\u0131 ak\u0131l edenler..<\/span><br \/>\n<\/span><br \/>\n<\/a>\n<\/div>\n<p>Bir sendika \u00fcyesi, yapt\u0131\u011f\u0131 payla\u015f\u0131mda sendika aidatlar\u0131yla ilgili \u015fu ifadeleri kulland\u0131: &#8220;Arkada\u015flar, 4 ayd\u0131r e-bordroda 190 TL sendika deste\u011fi, 234 TL sendika kesintisi var. Sendikalar s\u00fcrekli bizim cebimizden al\u0131yor. Ben yar\u0131n istifa ediyorum. Zaten bir i\u015fe yarad\u0131klar\u0131 da yok. S\u00fcrekli top \u00e7evirip duruyorlar. Yanda\u015f\u0131 da muhalifi de tarafs\u0131z oldu\u011funu s\u00f6yleyeni de ayn\u0131. Siz ne d\u00fc\u015f\u00fcn\u00fcyorsunuz bu konuda? Not: \u0130l\u00e7e ba\u015fkan\u0131na yazd\u0131m cevap yazmad\u0131. Kulak ard\u0131 yapt\u0131 resmen.&#8221;<\/p>\n<p>Bu payla\u015f\u0131m, sendika aidat\u0131 kesintilerine y\u00f6nelik artan tepkileri g\u00f6zler \u00f6n\u00fcne serdi. \u00d6zellikle sendikalara \u00fcye olan memurlar\u0131n ya\u015fad\u0131\u011f\u0131 kesintilerin tart\u0131\u015fmalara neden oldu\u011fu g\u00f6r\u00fcl\u00fcyor.<\/p>\n<p>Daha \u00f6nce 6. D\u00f6nem Toplu S\u00f6zle\u015fme G\u00f6r\u00fc\u015fmelerinde imza alt\u0131na al\u0131nan karar gere\u011fi, sendika \u00fcyesi memurlara 3 ayda 1 toplu s\u00f6zle\u015fme ikramiyesi veriliyordu. Ancak daha sonra bu \u00f6demenin ayl\u0131k olarak \u00f6denmeye ba\u015flanmas\u0131, Anayasa Mahkemesi taraf\u0131ndan iptal edilmi\u015fti.<\/p>\n<p>\u0130ptal karar\u0131 sonras\u0131nda memurlardan 234 TL kesinti yap\u0131l\u0131yor, ancak 190 TL&#8217;si bordroya geri yans\u0131t\u0131l\u0131yordu. Bu durum, sendika aidat\u0131 kesintileriyle ilgili yeni tart\u0131\u015fmalar\u0131 da beraberinde getirdi.<\/p>\n<\/div>\n","protected":false},"excerpt":{"rendered":"<p>Ali Yal\u00e7\u0131n\u2019a yarg\u0131 dur dedi! Ku\u015fadas\u0131\u2019na l\u00fcks villa yapt\u0131rmay\u0131 ak\u0131l edenler.. Bir sendika \u00fcyesi, yapt\u0131\u011f\u0131<\/p>\n","protected":false},"author":1,"featured_media":3760,"comment_status":"open","ping_status":"open","sticky":false,"template":"","format":"standard","meta":{"footnotes":""},"categories":[27],"tags":[],"class_list":["post-3759","post","type-post","status-publish","format-standard","has-post-thumbnail","hentry","category-saglik"],"_links":{"self":[{"href":"https:\/\/haberkaradenizim.com\/index.php\/wp-json\/wp\/v2\/posts\/3759","targetHints":{"allow":["GET"]}}],"collection":[{"href":"https:\/\/haberkaradenizim.com\/index.php\/wp-json\/wp\/v2\/posts"}],"about":[{"href":"https:\/\/haberkaradenizim.com\/index.php\/wp-json\/wp\/v2\/types\/post"}],"author":[{"embeddable":true,"href":"https:\/\/haberkaradenizim.com\/index.php\/wp-json\/wp\/v2\/users\/1"}],"replies":[{"embeddable":true,"href":"https:\/\/haberkaradenizim.com\/index.php\/wp-json\/wp\/v2\/comments?post=3759"}],"version-history":[{"count":0,"href":"https:\/\/haberkaradenizim.com\/index.php\/wp-json\/wp\/v2\/posts\/3759\/revisions"}],"wp:featuredmedia":[{"embeddable":true,"href":"https:\/\/haberkaradenizim.com\/index.php\/wp-json\/wp\/v2\/media\/3760"}],"wp:attachment":[{"href":"https:\/\/haberkaradenizim.com\/index.php\/wp-json\/wp\/v2\/media?parent=3759"}],"wp:term":[{"taxonomy":"category","embeddable":true,"href":"https:\/\/haberkaradenizim.com\/index.php\/wp-json\/wp\/v2\/categories?post=3759"},{"taxonomy":"post_tag","embeddable":true,"href":"https:\/\/haberkaradenizim.com\/index.php\/wp-json\/wp\/v2\/tags?post=3759"}],"curies":[{"name":"wp","href":"https:\/\/api.w.org\/{rel}","templated":true}]}}