{"id":3749,"date":"2024-04-16T03:42:33","date_gmt":"2024-04-16T00:42:33","guid":{"rendered":"https:\/\/haberkaradenizim.com\/index.php\/2024\/04\/16\/chelsea-6-0-everton-mac-sonucu-ozet-palmer-sov-yapti-chelsea-gol-oldu-yagdi\/"},"modified":"2024-04-16T03:42:33","modified_gmt":"2024-04-16T00:42:33","slug":"chelsea-6-0-everton-mac-sonucu-ozet-palmer-sov-yapti-chelsea-gol-oldu-yagdi","status":"publish","type":"post","link":"https:\/\/haberkaradenizim.com\/index.php\/2024\/04\/16\/chelsea-6-0-everton-mac-sonucu-ozet-palmer-sov-yapti-chelsea-gol-oldu-yagdi\/","title":{"rendered":"Chelsea 6-0 Everton MA\u00c7 SONUCU-\u00d6ZET | Palmer \u015fov yapt\u0131 Chelsea gol oldu ya\u011fd\u0131!"},"content":{"rendered":"<p><<img decoding=\"async\" src=\"https:\/\/iaftm.tmgrup.com.tr\/ed19b2\/1200\/675\/0\/35\/800\/484?u=https:\/\/iftm.tmgrup.com.tr\/2024\/04\/16\/chelsea-6-0-everton-mac-sonucu-ozet-palmer-sov-yapti-chelsea-gol-oldu-yagdi-1713217727211.jpeg\" \/><\/p>\n<div id=\"\">&#13;<br \/>\n&#13;<br \/>\n&#13;<\/p>\n<p><a href=\"https:\/\/www.fotomac.com.tr\/haberleri\/ingiltere-premier-lig?id=ad92fa1e-4fa9-478f-9008-aed0a2c13a1d\" class=\"\">\u0130ngiltere Premier Lig<\/a>&#8216;in 33. haftas\u0131nda oynanan ma\u00e7ta <a href=\"https:\/\/www.fotomac.com.tr\/haberleri\/chelsea_336767725157?id=4014064c-d5f4-463f-a711-0efeb7d7e824\" class=\"\">Chelsea<\/a>, sahas\u0131nda <a href=\"https:\/\/www.fotomac.com.tr\/haberleri\/everton?id=ebb19cc0-25aa-4878-85c9-13c3cb5d9f91\" class=\"\">Everton<\/a>&#8216;\u0131 6-0 ma\u011flup etti.<\/p>\n<p>&#13;<br \/>\n&#13;<\/p>\n<p><a href=\"https:\/\/www.fotomac.com.tr\/haberleri\/cole-palmer?id=625e9f30-e3a5-4641-8bb3-42ed29707bc3\" class=\"\">Cole Palmer<\/a>&#8216;\u0131n 13, 18 ve 29. dakikalarda att\u0131\u011f\u0131 gollerle ma\u00e7a \u00e7ok h\u0131zl\u0131 bir ba\u015flang\u0131\u00e7 yapan Chelsea, 44. dakikada <a href=\"https:\/\/www.fotomac.com.tr\/haberleri\/nicolas-jackson?id=552882db-f1f6-4ac2-a91e-99301a3ce28c\" class=\"\">Nicolas Jackson<\/a>&#8216;\u0131n gol\u00fcyle ilk yar\u0131y\u0131 4-0 \u00f6nde kapad\u0131.<\/p>\n<p>&#13;<br \/>\n&#13;<\/p>\n<p>Kar\u015f\u0131la\u015fman\u0131n 64. dakikas\u0131nda bir kez daha sahneye \u00e7\u0131kan <a href=\"https:\/\/www.fotomac.com.tr\/haberleri\/palmer?id=40833dc4-f515-4913-b56d-b49667c9b156\" class=\"\">Palmer<\/a>&#8216;\u0131n penalt\u0131dan att\u0131\u011f\u0131 golle skoru 5-0&#8217;a getiren ba\u015fkent temsilcisi, 90. dakikada <a href=\"https:\/\/www.fotomac.com.tr\/haberleri\/alfie-gilchrist?id=bfadd620-c3d5-4b03-b4e7-6765172a1377\" class=\"\">Alfie Gilchrist<\/a>&#8216;in gol\u00fcyle sahadan 6-0 galip ayr\u0131ld\u0131.<\/p>\n<p>&#13;<br \/>\n&#13;<\/p>\n<p>Chelsea bu galibiyetin ard\u0131ndan puan\u0131n\u0131 47&#8217;ye \u00e7\u0131kar\u0131rken, Everton 27 puanda kald\u0131.<\/p>\n<p>&#13;<br \/>\n&#13;<br \/>\n&#13;<br \/>\n&#13;\n                <\/p><\/div>\n","protected":false},"excerpt":{"rendered":"","protected":false},"author":1,"featured_media":3750,"comment_status":"open","ping_status":"open","sticky":false,"template":"","format":"standard","meta":{"footnotes":""},"categories":[29],"tags":[],"class_list":["post-3749","post","type-post","status-publish","format-standard","has-post-thumbnail","hentry","category-spor"],"_links":{"self":[{"href":"https:\/\/haberkaradenizim.com\/index.php\/wp-json\/wp\/v2\/posts\/3749","targetHints":{"allow":["GET"]}}],"collection":[{"href":"https:\/\/haberkaradenizim.com\/index.php\/wp-json\/wp\/v2\/posts"}],"about":[{"href":"https:\/\/haberkaradenizim.com\/index.php\/wp-json\/wp\/v2\/types\/post"}],"author":[{"embeddable":true,"href":"https:\/\/haberkaradenizim.com\/index.php\/wp-json\/wp\/v2\/users\/1"}],"replies":[{"embeddable":true,"href":"https:\/\/haberkaradenizim.com\/index.php\/wp-json\/wp\/v2\/comments?post=3749"}],"version-history":[{"count":0,"href":"https:\/\/haberkaradenizim.com\/index.php\/wp-json\/wp\/v2\/posts\/3749\/revisions"}],"wp:featuredmedia":[{"embeddable":true,"href":"https:\/\/haberkaradenizim.com\/index.php\/wp-json\/wp\/v2\/media\/3750"}],"wp:attachment":[{"href":"https:\/\/haberkaradenizim.com\/index.php\/wp-json\/wp\/v2\/media?parent=3749"}],"wp:term":[{"taxonomy":"category","embeddable":true,"href":"https:\/\/haberkaradenizim.com\/index.php\/wp-json\/wp\/v2\/categories?post=3749"},{"taxonomy":"post_tag","embeddable":true,"href":"https:\/\/haberkaradenizim.com\/index.php\/wp-json\/wp\/v2\/tags?post=3749"}],"curies":[{"name":"wp","href":"https:\/\/api.w.org\/{rel}","templated":true}]}}