{"id":3743,"date":"2024-04-15T00:46:00","date_gmt":"2024-04-14T21:46:00","guid":{"rendered":"https:\/\/haberkaradenizim.com\/index.php\/2024\/04\/15\/teleferik-kazasinda-antalya-kepez-belediye-baskani-tutuklandi\/"},"modified":"2024-04-15T00:46:00","modified_gmt":"2024-04-14T21:46:00","slug":"teleferik-kazasinda-antalya-kepez-belediye-baskani-tutuklandi","status":"publish","type":"post","link":"https:\/\/haberkaradenizim.com\/index.php\/2024\/04\/15\/teleferik-kazasinda-antalya-kepez-belediye-baskani-tutuklandi\/","title":{"rendered":"Teleferik kazas\u0131nda Antalya Kepez Belediye Ba\u015fkan\u0131 tutukland\u0131!"},"content":{"rendered":"<div data-text-id=\"33569\" property=\"articleBody\">\n<div class=\"post-flash\">\n<p><a href=\"https:\/\/www.saglikpersonelihaber.net\/sandik-gorevlilerinin-2088-tl-parasi-ne-zaman-yatacak\" class=\"post-flash__content\" target=\"_self\" title=\"Sand\u0131k g\u00f6revlilerinin 2088 TL paras\u0131 ne zaman yatacak?\" style=\"background-color: #A61C1E\" rel=\"noopener\"><br \/>\n<img loading=\"lazy\" decoding=\"async\" src=\"https:\/\/saglikpersonelihabernet.teimg.com\/crop\/250x150\/saglikpersonelihaber-net\/uploads\/2024\/04\/sandik-gorevlilerinin-parasi-ne-zaman-yatacak.jpg\" alt=\"Sand\u0131k g\u00f6revlilerinin 2088 TL paras\u0131 ne zaman yatacak?\" width=\"231\" height=\"140\" class=\"content-paragraph-image\"\/><br \/>\n<span class=\"post-flash__heading\"><br \/>\n<span class=\"post-flash__h4\">Sand\u0131k g\u00f6revlilerinin 2088 TL paras\u0131 ne zaman yatacak?<\/span><br \/>\n<\/span><br \/>\n<\/a>\n<\/div>\n<p>Adalet Bakan\u0131 Y\u0131lmaz Tun\u00e7 13 Nisan g\u00fcn\u00fc Antalya\u2019n\u0131n Konyaalt\u0131 il\u00e7esinde ya\u015fanan teleferik kazas\u0131 ile ilgili y\u00fcr\u00fct\u00fclen soru\u015fturma hakk\u0131nda bilgi verdi.<\/p>\n<p>Adalet Bakan\u0131 Y\u0131lmaz Tun\u00e7, 13 Nisan&#8217;da Antalya&#8217;n\u0131n Konyaalt\u0131 il\u00e7esinde meydana gelen ve bir ki\u015finin hayat\u0131n\u0131 kaybetmesine neden olan Sar\u0131su-T\u00fcnektepe teleferik hatt\u0131 kazas\u0131yla ilgili soru\u015fturmaya ili\u015fkin bilgi verdi. Bakan Tun\u00e7, teleferik hatt\u0131n\u0131 i\u015fleten firma ile teleferik hatt\u0131n\u0131n bak\u0131m ve onar\u0131m\u0131ndan sorumlu firman\u0131n yetkilileri ve \u00e7al\u0131\u015fanlar\u0131n\u0131 da i\u00e7eren 14 \u015f\u00fcphelinin g\u00f6zalt\u0131na al\u0131nd\u0131\u011f\u0131n\u0131 belirtti.<\/p>\n<p>5 ki\u015fi hakk\u0131nda tutuklama karar\u0131 verildi\u011fini, sekiz \u015f\u00fcpheli hakk\u0131nda adli kontrol karar\u0131 \u00e7\u0131kar\u0131ld\u0131\u011f\u0131n\u0131 ve bir ki\u015finin serbest b\u0131rak\u0131ld\u0131\u011f\u0131n\u0131 a\u00e7\u0131klad\u0131. Tutuklananlar aras\u0131nda Kepez Belediye Ba\u015fkan\u0131 Mesut Kocag\u00f6z&#8217;\u00fcn de oldu\u011fu ifade edildi.<\/p>\n<p>Bakan Tun\u00e7&#8217;un a\u00e7\u0131klamas\u0131na g\u00f6re, olay\u0131n ard\u0131ndan Antalya Cumhuriyet Ba\u015fsavc\u0131l\u0131\u011f\u0131 taraf\u0131ndan ba\u015flat\u0131lan adli soru\u015fturma kapsam\u0131nda detayl\u0131 bir olay yeri inceleme ve ke\u015fif \u00e7al\u0131\u015fmas\u0131 yap\u0131ld\u0131 ve \u00f6n rapor haz\u0131rland\u0131. Uzman bilirki\u015fi heyeti taraf\u0131ndan haz\u0131rlanan \u00f6n rapor, m\u00fc\u015fteki ifadeleri ve \u015f\u00fcphelilerin savunmalar\u0131yla birlikte de\u011ferlendirildi.<\/p>\n<p>\u00dcz\u00fcc\u00fc olayla ilgili adli soru\u015fturman\u0131n t\u00fcm detaylar\u0131yla titizlikle s\u00fcrd\u00fcr\u00fcld\u00fc\u011f\u00fcn\u00fc belirten Bakan Tun\u00e7, soru\u015fturman\u0131n devam etti\u011fini ve gerekli ad\u0131mlar\u0131n at\u0131laca\u011f\u0131n\u0131 vurgulad\u0131.<\/p>\n<\/div>\n","protected":false},"excerpt":{"rendered":"<p>Sand\u0131k g\u00f6revlilerinin 2088 TL paras\u0131 ne zaman yatacak? Adalet Bakan\u0131 Y\u0131lmaz Tun\u00e7 13 Nisan g\u00fcn\u00fc<\/p>\n","protected":false},"author":1,"featured_media":3744,"comment_status":"open","ping_status":"open","sticky":false,"template":"","format":"standard","meta":{"footnotes":""},"categories":[27],"tags":[],"class_list":["post-3743","post","type-post","status-publish","format-standard","has-post-thumbnail","hentry","category-saglik"],"_links":{"self":[{"href":"https:\/\/haberkaradenizim.com\/index.php\/wp-json\/wp\/v2\/posts\/3743","targetHints":{"allow":["GET"]}}],"collection":[{"href":"https:\/\/haberkaradenizim.com\/index.php\/wp-json\/wp\/v2\/posts"}],"about":[{"href":"https:\/\/haberkaradenizim.com\/index.php\/wp-json\/wp\/v2\/types\/post"}],"author":[{"embeddable":true,"href":"https:\/\/haberkaradenizim.com\/index.php\/wp-json\/wp\/v2\/users\/1"}],"replies":[{"embeddable":true,"href":"https:\/\/haberkaradenizim.com\/index.php\/wp-json\/wp\/v2\/comments?post=3743"}],"version-history":[{"count":0,"href":"https:\/\/haberkaradenizim.com\/index.php\/wp-json\/wp\/v2\/posts\/3743\/revisions"}],"wp:featuredmedia":[{"embeddable":true,"href":"https:\/\/haberkaradenizim.com\/index.php\/wp-json\/wp\/v2\/media\/3744"}],"wp:attachment":[{"href":"https:\/\/haberkaradenizim.com\/index.php\/wp-json\/wp\/v2\/media?parent=3743"}],"wp:term":[{"taxonomy":"category","embeddable":true,"href":"https:\/\/haberkaradenizim.com\/index.php\/wp-json\/wp\/v2\/categories?post=3743"},{"taxonomy":"post_tag","embeddable":true,"href":"https:\/\/haberkaradenizim.com\/index.php\/wp-json\/wp\/v2\/tags?post=3743"}],"curies":[{"name":"wp","href":"https:\/\/api.w.org\/{rel}","templated":true}]}}