{"id":3741,"date":"2024-04-15T15:30:17","date_gmt":"2024-04-15T12:30:17","guid":{"rendered":"https:\/\/haberkaradenizim.com\/index.php\/2024\/04\/15\/trabzonsporun-forma-tanitiminda-yer-alan-losemi-hastasi-hicran-hayatini-kaybetti\/"},"modified":"2024-04-15T15:30:17","modified_gmt":"2024-04-15T12:30:17","slug":"trabzonsporun-forma-tanitiminda-yer-alan-losemi-hastasi-hicran-hayatini-kaybetti","status":"publish","type":"post","link":"https:\/\/haberkaradenizim.com\/index.php\/2024\/04\/15\/trabzonsporun-forma-tanitiminda-yer-alan-losemi-hastasi-hicran-hayatini-kaybetti\/","title":{"rendered":"Trabzonspor\u2019un forma tan\u0131t\u0131m\u0131nda yer alan l\u00f6semi hastas\u0131 Hicran hayat\u0131n\u0131 kaybetti"},"content":{"rendered":"<p><<img decoding=\"async\" src=\"https:\/\/iaftm.tmgrup.com.tr\/eba4a4\/1200\/675\/0\/27\/708\/425?u=https:\/\/iftm.tmgrup.com.tr\/2024\/04\/15\/trabzonsporun-forma-tanitiminda-yer-alan-losemi-hastasi-hicran-hayatini-kaybetti-1713182078484.png\" \/><\/p>\n<div id=\"\">&#13;<br \/>\n&#13;<br \/>\n&#13;<\/p>\n<p><a href=\"https:\/\/www.fotomac.com.tr\/haberleri\/trabzonspor?id=0d51f0e9-2d56-4698-b159-cbdb1b2bf0ea\" class=\"\">Trabzonspor<\/a>&#8216;un 2020-2021 sezonu \u00e7ubuklu formas\u0131n\u0131n tan\u0131t\u0131m\u0131 i\u00e7in haz\u0131rlanan videoda yer alan <a href=\"https:\/\/www.fotomac.com.tr\/haberleri\/hicran-yildiz?id=68f3d52c-0eb0-4e12-977d-0739f6103297\" class=\"\">Hicran Y\u0131ld\u0131z<\/a>, hayat\u0131n\u0131 kaybetti.<\/p>\n<p>&#13;<br \/>\n&#13;<\/p>\n<p>L\u00f6semi ve kas hastal\u0131\u011f\u0131 nedeniyle uzun s\u00fcredir ya\u015fam\u0131n\u0131 yata\u011fa ba\u011fl\u0131 s\u00fcrd\u00fcren 18 ya\u015f\u0131ndaki Hicran, durumunun a\u011f\u0131rla\u015fmas\u0131 \u00fczerine d\u00fcn ak\u015fam kald\u0131r\u0131ld\u0131\u011f\u0131 hastanede hayat\u0131n\u0131 kaybetti.<\/p>\n<p>&#13;<br \/>\n&#13;<\/p>\n<p>Bordo-mavili kul\u00fcp taraf\u0131ndan &#8220;Hicran&#8217;\u0131m\u0131z melek oldu&#8221; ba\u015fl\u0131\u011f\u0131yla yay\u0131mlanan mesajda, &#8220;2020-2021 sezonu forma tan\u0131t\u0131m filmimizde rol alan Hicran Y\u0131ld\u0131z&#8217;\u0131n vefat etti\u011fi haberini derin bir \u00fcz\u00fcnt\u00fc ile \u00f6\u011frenmi\u015f bulunmaktay\u0131z. Hicran&#8217;\u0131m\u0131za Allah&#8217;tan rahmet, ailesine, akrabalar\u0131na ve camiam\u0131za ba\u015fsa\u011fl\u0131\u011f\u0131 dileriz.&#8221; denildi.<\/p>\n<p>&#13;<br \/>\n&#13;<br \/>\n&#13;<br \/>\n                            &#13;<br \/>\n&#13;\n                <\/p><\/div>\n","protected":false},"excerpt":{"rendered":"","protected":false},"author":1,"featured_media":3742,"comment_status":"open","ping_status":"open","sticky":false,"template":"","format":"standard","meta":{"footnotes":""},"categories":[29],"tags":[],"class_list":["post-3741","post","type-post","status-publish","format-standard","has-post-thumbnail","hentry","category-spor"],"_links":{"self":[{"href":"https:\/\/haberkaradenizim.com\/index.php\/wp-json\/wp\/v2\/posts\/3741","targetHints":{"allow":["GET"]}}],"collection":[{"href":"https:\/\/haberkaradenizim.com\/index.php\/wp-json\/wp\/v2\/posts"}],"about":[{"href":"https:\/\/haberkaradenizim.com\/index.php\/wp-json\/wp\/v2\/types\/post"}],"author":[{"embeddable":true,"href":"https:\/\/haberkaradenizim.com\/index.php\/wp-json\/wp\/v2\/users\/1"}],"replies":[{"embeddable":true,"href":"https:\/\/haberkaradenizim.com\/index.php\/wp-json\/wp\/v2\/comments?post=3741"}],"version-history":[{"count":0,"href":"https:\/\/haberkaradenizim.com\/index.php\/wp-json\/wp\/v2\/posts\/3741\/revisions"}],"wp:featuredmedia":[{"embeddable":true,"href":"https:\/\/haberkaradenizim.com\/index.php\/wp-json\/wp\/v2\/media\/3742"}],"wp:attachment":[{"href":"https:\/\/haberkaradenizim.com\/index.php\/wp-json\/wp\/v2\/media?parent=3741"}],"wp:term":[{"taxonomy":"category","embeddable":true,"href":"https:\/\/haberkaradenizim.com\/index.php\/wp-json\/wp\/v2\/categories?post=3741"},{"taxonomy":"post_tag","embeddable":true,"href":"https:\/\/haberkaradenizim.com\/index.php\/wp-json\/wp\/v2\/tags?post=3741"}],"curies":[{"name":"wp","href":"https:\/\/api.w.org\/{rel}","templated":true}]}}