{"id":3739,"date":"2024-04-15T00:50:00","date_gmt":"2024-04-14T21:50:00","guid":{"rendered":"https:\/\/haberkaradenizim.com\/index.php\/2024\/04\/15\/istakozlu-paylasim-yapan-ak-partili-vekil-ozur-diledi\/"},"modified":"2024-04-15T00:50:00","modified_gmt":"2024-04-14T21:50:00","slug":"istakozlu-paylasim-yapan-ak-partili-vekil-ozur-diledi","status":"publish","type":"post","link":"https:\/\/haberkaradenizim.com\/index.php\/2024\/04\/15\/istakozlu-paylasim-yapan-ak-partili-vekil-ozur-diledi\/","title":{"rendered":"Istakozlu payla\u015f\u0131m yapan Ak Partili Vekil \u00f6z\u00fcr diledi!"},"content":{"rendered":"<div data-text-id=\"33572\" property=\"articleBody\">\n<p>\u0130zmir Milletvekili \u015eebnem Bursal\u0131 Monako\u2019da \u00e7ekildi\u011fi belirtilen istakozlu foto\u011frafla ilgili yapt\u0131\u011f\u0131 a\u00e7\u0131klamayla \u00f6z\u00fcr diledi.<\/p>\n<p>AK Parti \u0130zmir Milletvekili ve eski gazeteci \u015eebnem Bursal\u0131&#8217;n\u0131n Monaco&#8217;da yedi\u011fi \u0131stakozun foto\u011fraf\u0131n\u0131 sosyal medya hesab\u0131ndan payla\u015fmas\u0131 b\u00fcy\u00fck tepki \u00e7ekti.<\/p>\n<p>Bursal\u0131, farkl\u0131 kesimlerden gelen yo\u011fun tepkilerin ard\u0131ndan sosyal medya \u00fczerinden bir \u00f6z\u00fcr mesaj\u0131 payla\u015ft\u0131. \u00d6zr\u00fcnde,<\/p>\n<blockquote>\n<p>&#8220;Yo\u011fun ge\u00e7en se\u00e7im \u00e7al\u0131\u015fmalar\u0131n\u0131n ard\u0131ndan yurtd\u0131\u015f\u0131nda ya\u015fayan ailem ve ye\u011fenlerimle bayram tatilini ge\u00e7irmek \u00fczere gitti\u011fimiz bir restoranda hi\u00e7 adetim olmayan bir yemek payla\u015f\u0131m\u0131 yapmam kamuoyunda hakl\u0131 tepkiye sebep olmu\u015ftur. 30 y\u0131ll\u0131k gazeteci ve \u015fimdi de milletvekili olarak sosyal medya payla\u015f\u0131mlar\u0131mda bug\u00fcne kadar yapmad\u0131\u011f\u0131m bu hatadan dolay\u0131 t\u00fcm kamuoyundan \u00f6z\u00fcr dilerim. Mensubu bulundu\u011fum partim ve yolunda y\u00fcr\u00fcmekten her nefesimde \u015feref duydu\u011fum sn Cumhurba\u015fkan\u0131m\u0131z\u0131n da bu sebeple hedef al\u0131nmas\u0131ndan dolay\u0131 \u00fcz\u00fcnt\u00fcm sonsuzdur&#8221;<\/p>\n<div class=\"post-flash\">\n<p><a href=\"https:\/\/www.saglikpersonelihaber.net\/euro-ile-dolar-yeniden-esitlenecek-mi\" class=\"post-flash__content\" target=\"_self\" title=\"Euro ile dolar yeniden e\u015fitlenecek mi?\" style=\"background-color: #A61C1E\" rel=\"noopener\"><br \/>\n<img loading=\"lazy\" decoding=\"async\" src=\"https:\/\/saglikpersonelihabernet.teimg.com\/crop\/250x150\/saglikpersonelihaber-net\/uploads\/2024\/04\/eoro-dolar-esitlik.jpg\" alt=\"Euro ile dolar yeniden e\u015fitlenecek mi?\" width=\"231\" height=\"140\" class=\"content-paragraph-image\"\/><br \/>\n<span class=\"post-flash__heading\"><br \/>\n<span class=\"post-flash__h4\">Euro ile dolar yeniden e\u015fitlenecek mi?<\/span><br \/>\n<\/span><br \/>\n<\/a>\n<\/div>\n<\/blockquote>\n<p>ifadelerini kulland\u0131.<\/p>\n<p>Ayr\u0131ca, yiyecek payla\u015f\u0131m\u0131n\u0131n k\u00f6t\u00fc niyet ta\u015f\u0131mad\u0131\u011f\u0131n\u0131 ve \u00fccretle ilgili bir konuyla alakas\u0131n\u0131n olmad\u0131\u011f\u0131n\u0131 vurgularken, Antalya&#8217;daki teleferik kazas\u0131n\u0131 unutturmak i\u00e7in g\u00fcndemi de\u011fi\u015ftirmeye \u00e7al\u0131\u015fanlar\u0131 ele\u015ftirdi.<\/p>\n<blockquote>\n<p>&#8220;\u0130stanbul&#8217;un g\u00f6be\u011finde 29 insan\u0131n hayat\u0131n\u0131 kaybetti\u011fi, Antalya&#8217;da g\u00f6z g\u00f6re g\u00f6re ihmal sonucu g\u00fcnahs\u0131z insanlar\u0131n hayat\u0131n\u0131 kaybetti\u011fi, yaraland\u0131\u011f\u0131 ve saatlerce mahsur kald\u0131\u011f\u0131 elim olayla ilgili tek bir s\u00f6z etmeyenlerin, ne ama\u00e7la bu olay\u0131 \u00e7arp\u0131tt\u0131\u011f\u0131n\u0131 da biliyoruz!&#8221;<\/p>\n<\/blockquote>\n<p>\u015feklinde belirtti.<\/p>\n<\/div>\n","protected":false},"excerpt":{"rendered":"<p>\u0130zmir Milletvekili \u015eebnem Bursal\u0131 Monako\u2019da \u00e7ekildi\u011fi belirtilen istakozlu foto\u011frafla ilgili yapt\u0131\u011f\u0131 a\u00e7\u0131klamayla \u00f6z\u00fcr diledi. AK<\/p>\n","protected":false},"author":1,"featured_media":3740,"comment_status":"open","ping_status":"open","sticky":false,"template":"","format":"standard","meta":{"footnotes":""},"categories":[27],"tags":[],"class_list":["post-3739","post","type-post","status-publish","format-standard","has-post-thumbnail","hentry","category-saglik"],"_links":{"self":[{"href":"https:\/\/haberkaradenizim.com\/index.php\/wp-json\/wp\/v2\/posts\/3739","targetHints":{"allow":["GET"]}}],"collection":[{"href":"https:\/\/haberkaradenizim.com\/index.php\/wp-json\/wp\/v2\/posts"}],"about":[{"href":"https:\/\/haberkaradenizim.com\/index.php\/wp-json\/wp\/v2\/types\/post"}],"author":[{"embeddable":true,"href":"https:\/\/haberkaradenizim.com\/index.php\/wp-json\/wp\/v2\/users\/1"}],"replies":[{"embeddable":true,"href":"https:\/\/haberkaradenizim.com\/index.php\/wp-json\/wp\/v2\/comments?post=3739"}],"version-history":[{"count":0,"href":"https:\/\/haberkaradenizim.com\/index.php\/wp-json\/wp\/v2\/posts\/3739\/revisions"}],"wp:featuredmedia":[{"embeddable":true,"href":"https:\/\/haberkaradenizim.com\/index.php\/wp-json\/wp\/v2\/media\/3740"}],"wp:attachment":[{"href":"https:\/\/haberkaradenizim.com\/index.php\/wp-json\/wp\/v2\/media?parent=3739"}],"wp:term":[{"taxonomy":"category","embeddable":true,"href":"https:\/\/haberkaradenizim.com\/index.php\/wp-json\/wp\/v2\/categories?post=3739"},{"taxonomy":"post_tag","embeddable":true,"href":"https:\/\/haberkaradenizim.com\/index.php\/wp-json\/wp\/v2\/tags?post=3739"}],"curies":[{"name":"wp","href":"https:\/\/api.w.org\/{rel}","templated":true}]}}