{"id":3467,"date":"2024-03-25T07:59:00","date_gmt":"2024-03-25T04:59:00","guid":{"rendered":"https:\/\/haberkaradenizim.com\/index.php\/2024\/03\/25\/ckysyi-kapatan-bakanlik-saglik-gov-tryi-cokertti\/"},"modified":"2024-03-25T07:59:00","modified_gmt":"2024-03-25T04:59:00","slug":"ckysyi-kapatan-bakanlik-saglik-gov-tryi-cokertti","status":"publish","type":"post","link":"https:\/\/haberkaradenizim.com\/index.php\/2024\/03\/25\/ckysyi-kapatan-bakanlik-saglik-gov-tryi-cokertti\/","title":{"rendered":"\u00c7KYS\u2019yi Kapatan Bakanl\u0131k, saglik.gov.tr\u2019yi \u00c7\u00f6kertti!"},"content":{"rendered":"<div data-text-id=\"32759\" property=\"articleBody\">\n<p><a href=\"https:\/\/www.saglikpersonelihaber.net\/haberleri\/saglik-bakanligi\" class=\"internal_link\" target=\"_blank\" title=\"Sa\u011fl\u0131k Bakanl\u0131\u011f\u0131\" rel=\"noopener\">Sa\u011fl\u0131k Bakanl\u0131\u011f\u0131<\/a>n\u0131n SENA uygulamas\u0131 ba\u015fta olmak \u00fczere <a href=\"https:\/\/www.saglikpersonelihaber.net\/haberleri\/ekip\" class=\"internal_link\" target=\"_blank\" title=\"EK\u0130P\" rel=\"noopener\">EK\u0130P<\/a> sistemine giri\u015fler ve saglik.gov.tr kurumsal e-posta hesab\u0131n\u0131 kullan\u0131c\u0131 ad\u0131 ya da \u015fifre unutulmas\u0131 gibi durumlar ile hastanelerin HBYS programlar\u0131nda \u015fifre unutulmas\u0131 durumlar\u0131nda sa\u011fl\u0131k personelleri <a href=\"https:\/\/www.saglikpersonelihaber.net\/haberleri\/ckys\" class=\"internal_link\" target=\"_blank\" title=\"\u00c7KYS\" rel=\"noopener\">\u00c7KYS<\/a>\u2019nin kapanmas\u0131yla g\u00fcncelleme yapmayan Bakanl\u0131k y\u00fcz\u00fcnden adeta \u00e7ile \u00e7ektiriliyor.<\/p>\n<h3><strong>TAM B\u0130R KOMED\u0130 YA\u015eANIYOR!<\/strong><\/h3>\n<p>Saglik.gov.tr kullan\u0131c\u0131 ad\u0131 ya da \u015fifresini unutan sa\u011fl\u0131k personelleri, \u015fifremi unuttum veya kullan\u0131c\u0131 ad\u0131n\u0131 unuttum dedi\u011finde g\u00fcncel ki\u015fisel e-posta adresleri ya da cep telefonu numaralar\u0131n\u0131 sisteme bir t\u00fcrl\u00fc kay\u0131t edemiyorlar. \u00c7\u00fcnk\u00fc sistem hala kapanan \u00c7KYS\u2019de kay\u0131tl\u0131 ki\u015fisel e-posta adresi yada cep telefonuna kod g\u00f6nderiyor. Yani \u00c7KYS\u2019yi kapatt\u0131k sonra EK\u0130P sisteminde kay\u0131tl\u0131 g\u00fcncel ki\u015fisel e-posta yada cep telefonu numaralar\u0131na bu kodu g\u00f6ndermeyi Bakanl\u0131k bir t\u00fcrl\u00fc i\u015fleme alm\u0131yor.<\/p>\n<h3><strong>ANLAMSIZ D\u00d6NG\u00dc YA\u015eATILIYOR!<\/strong><\/h3>\n<p>EK\u0130P sistemine ge\u00e7i\u015fi zorunlu k\u0131lan Bakanl\u0131k, basit bir \u201c\u015fifre unuttum\u201d i\u015fleminde sistemi \u00c7KYS yerine EK\u0130P sistemine y\u00f6nlendirmedi\u011fi i\u00e7in sa\u011fl\u0131k \u00e7al\u0131\u015fanlar\u0131 anlams\u0131z bir d\u00f6ng\u00fc i\u00e7erisinde b\u0131rak\u0131lmaya devam ediliyor.<\/p>\n<h3><strong>YAZILIM DESTEK AYLARDIR \u00c7\u00d6KM\u00dc\u015e DURUMDA!<\/strong><\/h3>\n<p>Y\u0131ll\u0131k izin ba\u015fta olmak \u00fczere EK\u0130P sistemi \u00fczerinden i\u015flem yapmak zoruna b\u0131rak\u0131lan sa\u011fl\u0131k personelleri ise yazilimdestek.saglik.gov.tr departman\u0131na sorunlar\u0131yla ilgili yazd\u0131klar\u0131 taleplere ise ya cevap alam\u0131yor yada talep kapat\u0131lmak i\u00e7in yaz\u0131lan g\u00f6stermelik cevaplarla sonu\u00e7suz b\u0131rak\u0131l\u0131yor.<\/p>\n<div class=\"post-flash\">\n<p><a href=\"https:\/\/www.saglikpersonelihaber.net\/hastanedeki-saglik-iscisini-cimer-evlendirdi\" class=\"post-flash__content\" target=\"_self\" title=\"Hastanedeki Sa\u011fl\u0131k \u0130\u015f\u00e7isini C\u0130MER Evlendirdi!\" style=\"background-color: #1C38A6\" rel=\"noopener\"><br \/>\n<img loading=\"lazy\" decoding=\"async\" src=\"https:\/\/saglikpersonelihabernet.teimg.com\/crop\/250x150\/saglikpersonelihaber-net\/uploads\/2024\/03\/isci-cimer-evlendirdi.jpg\" alt=\"Hastanedeki Sa\u011fl\u0131k \u0130\u015f\u00e7isini C\u0130MER Evlendirdi!\" width=\"231\" height=\"140\" class=\"content-paragraph-image\"\/><br \/>\n<span class=\"post-flash__heading\"><br \/>\n<span class=\"post-flash__h4\">Hastanedeki Sa\u011fl\u0131k \u0130\u015f\u00e7isini C\u0130MER Evlendirdi!<\/span><br \/>\n<\/span><br \/>\n<\/a>\n<\/div>\n<h3><strong>HBYS G\u0130R\u0130\u015eLER\u0130NDE DE SORUNLAR \u00c7IKIYOR!<\/strong><\/h3>\n<p>KVVK gere\u011fince Hastanelerin HBYS programlar\u0131na gir\u015fte unutulan \u015fifreler i\u00e7in Bakanl\u0131k ge\u00e7en hafta g\u00f6nderdi\u011fi resmi yaz\u0131yla kod g\u00f6nderimini yine Kurumsal E-Posta hesaplar\u0131na ba\u011flad\u0131. Ancak saglik.gov.tr uzant\u0131l\u0131 kurumsal e-posta hesaplar\u0131n\u0131n kullan\u0131c\u0131 ad\u0131 yada \u015fifresini unutan sa\u011fl\u0131k personelleri bu konuda da ma\u011fdur olmaya ba\u015flad\u0131.<\/p>\n<h3><strong>\u00c7KYS&#8217;YE GER\u0130 D\u00d6N\u00dc\u015e M\u00dc \u0130STEN\u0130YOR?<\/strong><\/h3>\n<p>Bakanl\u0131k kod g\u00f6ndermede baz ald\u0131\u011f\u0131 verileri \u00c7KYS\u2019de tutmas\u0131, EK\u0130P sistemini baz almamas\u0131 ise ak\u0131llarda soru i\u015fareti b\u0131rak\u0131yor. \u00d6zellikle baz\u0131 kullan\u0131c\u0131lar, Bakanl\u0131kta bir kesimin hala \u00c7KYS\u2019ye d\u00f6n\u00fc\u015f\u00fc m\u00fc bekledi\u011fi, sorunlar ya\u015fanan EK\u0130P sisteminin bu haliyle talebi kar\u015f\u0131lamayaca\u011f\u0131n\u0131 m\u0131 d\u00fc\u015f\u00fcnd\u00fc\u011f\u00fcn bu basit g\u00fcncellemeyi yapmad\u0131klar\u0131 tart\u0131\u015fma konusu oldu.<\/p>\n<h3><strong>AYLARDIR G\u0130REMEYEN PERSONELLER VAR<\/strong><\/h3>\n<p>Basit bir kullan\u0131c\u0131 ad\u0131 yada \u015fifre unutma i\u015flemini dahi yapamayan sa\u011fl\u0131k personelleri, hem hastanelerde HBYS programlar\u0131na hem de y\u0131ll\u0131k izin yaz\u0131lmas\u0131 zorunlu b\u0131rak\u0131lan EK\u0130P sistemine saglik.gov.tr uzant\u0131l\u0131 adreslerle giri\u015f yapam\u0131yorlar.<\/p>\n<h3><strong>SAHADAN UZAK, \u00c7\u00d6Z\u00dcME KAPALI BAKANLIK<\/strong><\/h3>\n<p>Aylard\u0131r s\u00fcren bu soruna bir t\u00fcrl\u00fc \u00e7\u00f6z\u00fcm \u00fcretmeyen Sa\u011fl\u0131k Bakanl\u0131\u011f\u0131, sahadan uzak y\u00f6netim anlay\u0131\u015f\u0131n\u0131 sa\u011fl\u0131k personellerini basit g\u00f6r\u00fclebilecek bir teknolojik i\u015flem i\u00e7in dahi ma\u011fdur etmeye devam ediyor.<\/p>\n<p>\n<span class=\"reporter-name\"><strong class=\"text-uppercase\">Edit\u00f6r: <\/strong>Haber Merkezi<\/span>\n<\/p>\n<\/div>\n","protected":false},"excerpt":{"rendered":"<p>Sa\u011fl\u0131k Bakanl\u0131\u011f\u0131n\u0131n SENA uygulamas\u0131 ba\u015fta olmak \u00fczere EK\u0130P sistemine giri\u015fler ve saglik.gov.tr kurumsal e-posta hesab\u0131n\u0131<\/p>\n","protected":false},"author":1,"featured_media":3468,"comment_status":"open","ping_status":"open","sticky":false,"template":"","format":"standard","meta":{"footnotes":""},"categories":[27],"tags":[],"class_list":["post-3467","post","type-post","status-publish","format-standard","has-post-thumbnail","hentry","category-saglik"],"_links":{"self":[{"href":"https:\/\/haberkaradenizim.com\/index.php\/wp-json\/wp\/v2\/posts\/3467","targetHints":{"allow":["GET"]}}],"collection":[{"href":"https:\/\/haberkaradenizim.com\/index.php\/wp-json\/wp\/v2\/posts"}],"about":[{"href":"https:\/\/haberkaradenizim.com\/index.php\/wp-json\/wp\/v2\/types\/post"}],"author":[{"embeddable":true,"href":"https:\/\/haberkaradenizim.com\/index.php\/wp-json\/wp\/v2\/users\/1"}],"replies":[{"embeddable":true,"href":"https:\/\/haberkaradenizim.com\/index.php\/wp-json\/wp\/v2\/comments?post=3467"}],"version-history":[{"count":0,"href":"https:\/\/haberkaradenizim.com\/index.php\/wp-json\/wp\/v2\/posts\/3467\/revisions"}],"wp:featuredmedia":[{"embeddable":true,"href":"https:\/\/haberkaradenizim.com\/index.php\/wp-json\/wp\/v2\/media\/3468"}],"wp:attachment":[{"href":"https:\/\/haberkaradenizim.com\/index.php\/wp-json\/wp\/v2\/media?parent=3467"}],"wp:term":[{"taxonomy":"category","embeddable":true,"href":"https:\/\/haberkaradenizim.com\/index.php\/wp-json\/wp\/v2\/categories?post=3467"},{"taxonomy":"post_tag","embeddable":true,"href":"https:\/\/haberkaradenizim.com\/index.php\/wp-json\/wp\/v2\/tags?post=3467"}],"curies":[{"name":"wp","href":"https:\/\/api.w.org\/{rel}","templated":true}]}}