{"id":3184,"date":"2024-02-21T12:10:44","date_gmt":"2024-02-21T09:10:44","guid":{"rendered":"https:\/\/haberkaradenizim.com\/index.php\/2024\/02\/21\/galatasaray-maci-oncesi-sparta-pragda-flas-gelisme-brian-priske\/"},"modified":"2024-02-21T12:10:44","modified_gmt":"2024-02-21T09:10:44","slug":"galatasaray-maci-oncesi-sparta-pragda-flas-gelisme-brian-priske","status":"publish","type":"post","link":"https:\/\/haberkaradenizim.com\/index.php\/2024\/02\/21\/galatasaray-maci-oncesi-sparta-pragda-flas-gelisme-brian-priske\/","title":{"rendered":"Galatasaray ma\u00e7\u0131 \u00f6ncesi Sparta Prag&#039;da fla\u015f geli\u015fme! Brian Priske&#8230;"},"content":{"rendered":"<p><<img decoding=\"async\" src=\"https:\/\/iaftm.tmgrup.com.tr\/e8fac0\/622\/349\/0\/0\/2048\/1147?u=https:\/\/iftm.tmgrup.com.tr\/2024\/02\/21\/galatasaray-maci-oncesi-sparta-pragda-flas-gelisme-brian-priske-1708505130765.jpg\" alt=\"Galatasaray ma\u00e7\u0131 \u00f6ncesi Sparta Prag'da fla\u015f geli\u015fme! Brian Priske...\" \/><br \/>Galatasaray, UEFA Avrupa Ligi play-off turu r\u00f6van\u015f ma\u00e7\u0131nda Sparta Prag&#8217;a konuk olacak. \u0130lk ma\u00e7\u0131 3-2 kazanan temsilcimiz \u00c7ekya&#8217;da tur i\u00e7in sahne alacak. Zorlu ma\u00e7 \u00f6ncesi Sparta Prag cephesinde fla\u015f bir&#8230;<a href=\"https:\/\/www.fotomac.com.tr\/galatasaray\/2024\/02\/21\/galatasaray-maci-oncesi-sparta-pragda-flas-gelisme-brian-priske\">Devam\u0131 i\u00e7in t\u0131klay\u0131n\u0131z<\/a><\/p>\n","protected":false},"excerpt":{"rendered":"","protected":false},"author":1,"featured_media":3185,"comment_status":"open","ping_status":"open","sticky":false,"template":"","format":"standard","meta":{"footnotes":""},"categories":[29],"tags":[],"class_list":["post-3184","post","type-post","status-publish","format-standard","has-post-thumbnail","hentry","category-spor"],"_links":{"self":[{"href":"https:\/\/haberkaradenizim.com\/index.php\/wp-json\/wp\/v2\/posts\/3184","targetHints":{"allow":["GET"]}}],"collection":[{"href":"https:\/\/haberkaradenizim.com\/index.php\/wp-json\/wp\/v2\/posts"}],"about":[{"href":"https:\/\/haberkaradenizim.com\/index.php\/wp-json\/wp\/v2\/types\/post"}],"author":[{"embeddable":true,"href":"https:\/\/haberkaradenizim.com\/index.php\/wp-json\/wp\/v2\/users\/1"}],"replies":[{"embeddable":true,"href":"https:\/\/haberkaradenizim.com\/index.php\/wp-json\/wp\/v2\/comments?post=3184"}],"version-history":[{"count":0,"href":"https:\/\/haberkaradenizim.com\/index.php\/wp-json\/wp\/v2\/posts\/3184\/revisions"}],"wp:featuredmedia":[{"embeddable":true,"href":"https:\/\/haberkaradenizim.com\/index.php\/wp-json\/wp\/v2\/media\/3185"}],"wp:attachment":[{"href":"https:\/\/haberkaradenizim.com\/index.php\/wp-json\/wp\/v2\/media?parent=3184"}],"wp:term":[{"taxonomy":"category","embeddable":true,"href":"https:\/\/haberkaradenizim.com\/index.php\/wp-json\/wp\/v2\/categories?post=3184"},{"taxonomy":"post_tag","embeddable":true,"href":"https:\/\/haberkaradenizim.com\/index.php\/wp-json\/wp\/v2\/tags?post=3184"}],"curies":[{"name":"wp","href":"https:\/\/api.w.org\/{rel}","templated":true}]}}