{"id":3180,"date":"2024-02-21T00:05:32","date_gmt":"2024-02-20T21:05:32","guid":{"rendered":"https:\/\/haberkaradenizim.com\/index.php\/2024\/02\/21\/mtv-stuttgart-3-2-fenerbahce-opet-mac-sonucu-ozet-son-dakika-voleybol-haberleri\/"},"modified":"2024-02-21T00:05:32","modified_gmt":"2024-02-20T21:05:32","slug":"mtv-stuttgart-3-2-fenerbahce-opet-mac-sonucu-ozet-son-dakika-voleybol-haberleri","status":"publish","type":"post","link":"https:\/\/haberkaradenizim.com\/index.php\/2024\/02\/21\/mtv-stuttgart-3-2-fenerbahce-opet-mac-sonucu-ozet-son-dakika-voleybol-haberleri\/","title":{"rendered":"MTV Stuttgart 3-2 Fenerbah\u00e7e Opet MA\u00c7 SONUCU \u00d6ZET &#8211; Son dakika Voleybol haberleri"},"content":{"rendered":"<p><<img decoding=\"async\" src=\"https:\/\/iaftm.tmgrup.com.tr\/7e0748\/622\/349\/0\/0\/1024\/574?u=https:\/\/iftm.tmgrup.com.tr\/2024\/02\/20\/mtv-stuttgart-3-2-fenerbahce-opet-mac-sonucu-ozet-1708462398465.jpeg\" \/><\/p>\n<div id=\"\">&#13;<br \/>\n&#13;<br \/>\n&#13;<\/p>\n<p><a href=\"https:\/\/www.fotomac.com.tr\/haberleri\/cev-kadinlar-sampiyonlar-ligi-ceyrek-final-ilk?id=24267382-8f35-4d34-be8a-bb7709b9c79f\" class=\"\">CEV Kad\u0131nlar \u015eampiyonlar Ligi \u00e7eyrek final ilk<\/a> ma\u00e7\u0131nda <a href=\"https:\/\/www.fotomac.com.tr\/haberleri\/fenerbahce-opet?id=010fd29f-c6f9-4fc1-ac21-798552e00eb8\" class=\"\">Fenerbah\u00e7e Opet<\/a>, deplasmanda kar\u015f\u0131la\u015ft\u0131\u011f\u0131 <a href=\"https:\/\/www.fotomac.com.tr\/haberleri\/mtv-stuttgart?id=318e7a82-4ca6-4f85-b1b8-c144359a248e\" class=\"\">MTV Stuttgart<\/a>&#8216;a 22-25, 26-24, 19-25, 25-20 ve 15-10&#8217;luk setler sonucu 3-2 ma\u011flup oldu. Bu m\u00fccadelenin r\u00f6van\u015f\u0131 28 \u015eubat \u00c7ar\u015famba g\u00fcn\u00fc <a href=\"https:\/\/www.fotomac.com.tr\/haberleri\/istanbul?id=101cd7c1-f4a1-48db-a597-ab1bebaad464\" class=\"\">\u0130stanbul<\/a>&#8216;da oynanacak.<\/p>\n<p>&#13;<\/p>\n<p><strong>\u0130\u015eTE M\u00dcCADELEDEN DETAYLAR:<\/strong><\/p>\n<p>&#13;<\/p>\n<p>SALON: <a href=\"https:\/\/www.fotomac.com.tr\/haberleri\/scharrena-stuttgart?id=8a564fe6-14ae-4e5f-a3d9-a37ef48cbe3a\" class=\"\">Scharrena Stuttgart<\/a>&#13;\n<\/p>\n<p>HAKEMLER: <a href=\"https:\/\/www.fotomac.com.tr\/haberleri\/carlos-alberto-robles-garcia?id=c2964e4b-d8ad-4f4c-a7f3-0377b98cb32f\" class=\"\">Carlos Alberto Robles Garcia<\/a>, <a href=\"https:\/\/www.fotomac.com.tr\/haberleri\/pedro-lopes-pinto?id=75212bcd-b037-4762-99c2-5e6383028816\" class=\"\">Pedro Lopes Pinto<\/a><\/p>\n<p>&#13;<\/p>\n<p>MTV STUTTGART: Bongaerts, Timmerman, Strubbe, Knollema, <a href=\"https:\/\/www.fotomac.com.tr\/haberleri\/rivers?id=bcba6128-60e2-47dd-99b9-a5c2bb357ecd\" class=\"\">Rivers<\/a>, Palleres (Vanjak, Koskelo, Glaab, Mirosavljevic, Hart)<\/p>\n<p>&#13;<\/p>\n<p>FENERBAH\u00c7E OPET: Fedorovtseva, Drca, <a href=\"https:\/\/www.fotomac.com.tr\/haberleri\/ana-cristina?id=43a5e021-a9da-40ae-a6aa-79980a04bdde\" class=\"\">Ana Cristina<\/a>, <a href=\"https:\/\/www.fotomac.com.tr\/haberleri\/stysiak?id=dafc94e3-4ff2-4b70-92e0-d1bc7454765a\" class=\"\">Stysiak<\/a>, <a href=\"https:\/\/www.fotomac.com.tr\/haberleri\/eda-erdem?id=7f556338-e087-4448-9566-f39cccf15342\" class=\"\">Eda Erdem<\/a>, <a href=\"https:\/\/www.fotomac.com.tr\/haberleri\/asli-kalac?id=85445821-a5ef-44fc-abe5-b330dd8291d1\" class=\"\">Asl\u0131 Kala\u00e7<\/a> (<a href=\"https:\/\/www.fotomac.com.tr\/haberleri\/gizem-orge?id=963dd4c8-74fd-4f09-9348-c6477b450946\" class=\"\">Gizem \u00d6rge<\/a>, <a href=\"https:\/\/www.fotomac.com.tr\/haberleri\/meliha-diken?id=9effe85a-cac4-4072-8bdc-f73f50b14604\" class=\"\">Meliha Diken<\/a>, Buse \u00dcnal, Vargas)<\/p>\n<p>&#13;<\/p>\n<p>SETLER: 22-25, 26-24, 19-25, 25-20, 15-10<\/p>\n<p>&#13;<\/p>\n<p>S\u00dcRE: 120 (25, 30, 24, 24, 17)<\/p>\n<p>&#13;<br \/>\n&#13;<br \/>\n&#13;<br \/>\n&#13;<br \/>\n&#13;\n                <\/p><\/div>\n","protected":false},"excerpt":{"rendered":"","protected":false},"author":1,"featured_media":3181,"comment_status":"open","ping_status":"open","sticky":false,"template":"","format":"standard","meta":{"footnotes":""},"categories":[29],"tags":[],"class_list":["post-3180","post","type-post","status-publish","format-standard","has-post-thumbnail","hentry","category-spor"],"_links":{"self":[{"href":"https:\/\/haberkaradenizim.com\/index.php\/wp-json\/wp\/v2\/posts\/3180","targetHints":{"allow":["GET"]}}],"collection":[{"href":"https:\/\/haberkaradenizim.com\/index.php\/wp-json\/wp\/v2\/posts"}],"about":[{"href":"https:\/\/haberkaradenizim.com\/index.php\/wp-json\/wp\/v2\/types\/post"}],"author":[{"embeddable":true,"href":"https:\/\/haberkaradenizim.com\/index.php\/wp-json\/wp\/v2\/users\/1"}],"replies":[{"embeddable":true,"href":"https:\/\/haberkaradenizim.com\/index.php\/wp-json\/wp\/v2\/comments?post=3180"}],"version-history":[{"count":0,"href":"https:\/\/haberkaradenizim.com\/index.php\/wp-json\/wp\/v2\/posts\/3180\/revisions"}],"wp:featuredmedia":[{"embeddable":true,"href":"https:\/\/haberkaradenizim.com\/index.php\/wp-json\/wp\/v2\/media\/3181"}],"wp:attachment":[{"href":"https:\/\/haberkaradenizim.com\/index.php\/wp-json\/wp\/v2\/media?parent=3180"}],"wp:term":[{"taxonomy":"category","embeddable":true,"href":"https:\/\/haberkaradenizim.com\/index.php\/wp-json\/wp\/v2\/categories?post=3180"},{"taxonomy":"post_tag","embeddable":true,"href":"https:\/\/haberkaradenizim.com\/index.php\/wp-json\/wp\/v2\/tags?post=3180"}],"curies":[{"name":"wp","href":"https:\/\/api.w.org\/{rel}","templated":true}]}}