{"id":3126,"date":"2024-02-13T16:59:00","date_gmt":"2024-02-13T13:59:00","guid":{"rendered":"https:\/\/haberkaradenizim.com\/index.php\/2024\/02\/13\/genel-baskan-dogan-sabit-ek-odemeler-icin-calismalarimiz-devam-ediyor\/"},"modified":"2024-02-13T16:59:00","modified_gmt":"2024-02-13T13:59:00","slug":"genel-baskan-dogan-sabit-ek-odemeler-icin-calismalarimiz-devam-ediyor","status":"publish","type":"post","link":"https:\/\/haberkaradenizim.com\/index.php\/2024\/02\/13\/genel-baskan-dogan-sabit-ek-odemeler-icin-calismalarimiz-devam-ediyor\/","title":{"rendered":"Genel Ba\u015fkan Do\u011fan: Sabit Ek \u00d6demeler \u0130\u00e7in \u00c7al\u0131\u015fmalar\u0131m\u0131z Devam Ediyor!"},"content":{"rendered":"<div data-text-id=\"31914\" property=\"articleBody\">\n<p><a href=\"https:\/\/www.saglikpersonelihaber.net\/haberleri\" class=\"internal_link\" target=\"_blank\" title=\"\" rel=\"noopener\">Genel Merkezlerinde d\u00fczenledikleri &#8216;Bakanl\u0131k Merkez Te\u015fkilat\u0131 ve Ba\u011fl\u0131 Kurulu\u015flar\u0131 Ek \u00d6deme Sorunlar\u0131 ve \u00c7\u00f6z\u00fcm \u00d6nerileri \u00c7al\u0131\u015ftay\u0131&#8217; ile Sa\u011fl\u0131k Bakanl\u0131\u011f\u0131 merkez te\u015fkilat\u0131 ile ba\u011fl\u0131 kurulu\u015flar\u0131n kar\u015f\u0131la\u015ft\u0131\u011f\u0131 sorunlar\u0131 detayl\u0131 bir \u015fekilde ele ald\u0131klar\u0131n\u0131 belirten Do\u011fan, bu sorunlar\u0131n \u00e7\u00f6z\u00fcm\u00fc i\u00e7in \u00e7e\u015fitli \u00f6neriler sunduklar\u0131n\u0131 vurgulad\u0131. Sa\u011fl\u0131k-Sen&#8217;in bug\u00fcne kadar bir\u00e7ok sorunun \u00e7\u00f6z\u00fcm adresi oldu\u011funu hat\u0131rlatan Do\u011fan, bu sorunun da \u00e7\u00f6z\u00fcm\u00fcn\u00fc yine Sa\u011fl\u0131k-Sen&#8217;in sa\u011flayaca\u011f\u0131n\u0131 dile getirdi.<\/p>\n<div class=\"post-flash\">\n<p><a href=\"https:\/\/www.saglikpersonelihaber.net\/genel-baskan-dogan-tbmmde-gorusulen-kanun-teklifinde-nobet-ucretleri-de-olmali\" class=\"post-flash__content\" target=\"_self\" title=\"Genel Ba\u015fkan Do\u011fan: TBMM\u2019de G\u00f6r\u00fc\u015f\u00fclen Kanun Teklifinde N\u00f6bet \u00dccretleri de Olmal\u0131!\" style=\"background-color: #A61C1E\" rel=\"noopener\"><br \/>\n<img loading=\"lazy\" decoding=\"async\" src=\"https:\/\/saglikpersonelihabernet.teimg.com\/crop\/250x150\/saglikpersonelihaber-net\/uploads\/2024\/02\/faruk-dogan-nobet-ucretleri.jpg\" alt=\"Genel Ba\u015fkan Do\u011fan: TBMM\u2019de G\u00f6r\u00fc\u015f\u00fclen Kanun Teklifinde N\u00f6bet \u00dccretleri de Olmal\u0131!\" width=\"231\" height=\"140\" class=\"content-paragraph-image\"\/><br \/>\n<span class=\"post-flash__heading\"><br \/>\n<span class=\"post-flash__h4\">Genel Ba\u015fkan Do\u011fan: TBMM\u2019de G\u00f6r\u00fc\u015f\u00fclen Kanun Teklifinde N\u00f6bet \u00dccretleri de Olmal\u0131!<\/span><br \/>\n<\/span><br \/>\n<\/a>\n<\/div>\n<p>Do\u011fan, \u00e7al\u0131\u015ftay\u0131n ger\u00e7ekle\u015fmesinde eme\u011fi ge\u00e7en Bakanl\u0131k \u015eube Ba\u015fkan\u0131 Tahir Eren ve y\u00f6netim kurulu arkada\u015flar\u0131na te\u015fekk\u00fcr ederek, sendikan\u0131n ilgili birimleri arac\u0131l\u0131\u011f\u0131yla sorunun \u00e7\u00f6z\u00fcm\u00fc i\u00e7in ellerinden gelen \u00e7abay\u0131 g\u00f6stermeye devam edeceklerini ifade etti.<\/p>\n<p>\n<span class=\"reporter-name\"><strong class=\"text-uppercase\">Edit\u00f6r: <\/strong>Serap <\/span>\n<\/p>\n<\/div>\n","protected":false},"excerpt":{"rendered":"<p>Genel Merkezlerinde d\u00fczenledikleri &#8216;Bakanl\u0131k Merkez Te\u015fkilat\u0131 ve Ba\u011fl\u0131 Kurulu\u015flar\u0131 Ek \u00d6deme Sorunlar\u0131 ve \u00c7\u00f6z\u00fcm \u00d6nerileri<\/p>\n","protected":false},"author":1,"featured_media":3127,"comment_status":"open","ping_status":"open","sticky":false,"template":"","format":"standard","meta":{"footnotes":""},"categories":[27],"tags":[],"class_list":["post-3126","post","type-post","status-publish","format-standard","has-post-thumbnail","hentry","category-saglik"],"_links":{"self":[{"href":"https:\/\/haberkaradenizim.com\/index.php\/wp-json\/wp\/v2\/posts\/3126","targetHints":{"allow":["GET"]}}],"collection":[{"href":"https:\/\/haberkaradenizim.com\/index.php\/wp-json\/wp\/v2\/posts"}],"about":[{"href":"https:\/\/haberkaradenizim.com\/index.php\/wp-json\/wp\/v2\/types\/post"}],"author":[{"embeddable":true,"href":"https:\/\/haberkaradenizim.com\/index.php\/wp-json\/wp\/v2\/users\/1"}],"replies":[{"embeddable":true,"href":"https:\/\/haberkaradenizim.com\/index.php\/wp-json\/wp\/v2\/comments?post=3126"}],"version-history":[{"count":0,"href":"https:\/\/haberkaradenizim.com\/index.php\/wp-json\/wp\/v2\/posts\/3126\/revisions"}],"wp:featuredmedia":[{"embeddable":true,"href":"https:\/\/haberkaradenizim.com\/index.php\/wp-json\/wp\/v2\/media\/3127"}],"wp:attachment":[{"href":"https:\/\/haberkaradenizim.com\/index.php\/wp-json\/wp\/v2\/media?parent=3126"}],"wp:term":[{"taxonomy":"category","embeddable":true,"href":"https:\/\/haberkaradenizim.com\/index.php\/wp-json\/wp\/v2\/categories?post=3126"},{"taxonomy":"post_tag","embeddable":true,"href":"https:\/\/haberkaradenizim.com\/index.php\/wp-json\/wp\/v2\/tags?post=3126"}],"curies":[{"name":"wp","href":"https:\/\/api.w.org\/{rel}","templated":true}]}}