{"id":3124,"date":"2024-02-13T19:50:22","date_gmt":"2024-02-13T16:50:22","guid":{"rendered":"https:\/\/haberkaradenizim.com\/index.php\/2024\/02\/13\/galatasarayda-okan-buruktan-sparta-prag-maci-icin-cok-konusulacak-plan\/"},"modified":"2024-02-13T19:50:22","modified_gmt":"2024-02-13T16:50:22","slug":"galatasarayda-okan-buruktan-sparta-prag-maci-icin-cok-konusulacak-plan","status":"publish","type":"post","link":"https:\/\/haberkaradenizim.com\/index.php\/2024\/02\/13\/galatasarayda-okan-buruktan-sparta-prag-maci-icin-cok-konusulacak-plan\/","title":{"rendered":"Galatasaray&#039;da Okan Buruk&#039;tan Sparta Prag ma\u00e7\u0131 i\u00e7in \u00e7ok konu\u015fulacak plan!"},"content":{"rendered":"<p><<img decoding=\"async\" src=\"https:\/\/iaftm.tmgrup.com.tr\/4870d9\/622\/349\/0\/69\/943\/598?u=https:\/\/iftm.tmgrup.com.tr\/2024\/02\/13\/galatasarayda-okan-buruktan-sparta-prag-maci-icin-cok-konusulacak-plan-1707840676656.jpg\" alt=\"Galatasaray'da Okan Buruk'tan Sparta Prag ma\u00e7\u0131 i\u00e7in \u00e7ok konu\u015fulacak plan!\" \/><br \/>Galatasaray, S\u00fcper Lig&#8217;de zirveyi ezeli rakibi Fenerbah\u00e7e&#8217;nin elinden almas\u0131n\u0131n ard\u0131ndan Avrupa&#8217;ya odakland\u0131. Sar\u0131 k\u0131rm\u0131z\u0131l\u0131lar UEFA Avrupa Ligi play-off turu ilk ma\u00e7\u0131nda \u00c7ekya ekibi Sparta Prag&#8217;\u0131 konuk&#8230;<a href=\"https:\/\/www.fotomac.com.tr\/galatasaray\/2024\/02\/13\/galatasarayda-okan-buruktan-sparta-prag-maci-icin-cok-konusulacak-plan\">Devam\u0131 i\u00e7in t\u0131klay\u0131n\u0131z<\/a><\/p>\n","protected":false},"excerpt":{"rendered":"","protected":false},"author":1,"featured_media":3125,"comment_status":"open","ping_status":"open","sticky":false,"template":"","format":"standard","meta":{"footnotes":""},"categories":[29],"tags":[],"class_list":["post-3124","post","type-post","status-publish","format-standard","has-post-thumbnail","hentry","category-spor"],"_links":{"self":[{"href":"https:\/\/haberkaradenizim.com\/index.php\/wp-json\/wp\/v2\/posts\/3124","targetHints":{"allow":["GET"]}}],"collection":[{"href":"https:\/\/haberkaradenizim.com\/index.php\/wp-json\/wp\/v2\/posts"}],"about":[{"href":"https:\/\/haberkaradenizim.com\/index.php\/wp-json\/wp\/v2\/types\/post"}],"author":[{"embeddable":true,"href":"https:\/\/haberkaradenizim.com\/index.php\/wp-json\/wp\/v2\/users\/1"}],"replies":[{"embeddable":true,"href":"https:\/\/haberkaradenizim.com\/index.php\/wp-json\/wp\/v2\/comments?post=3124"}],"version-history":[{"count":0,"href":"https:\/\/haberkaradenizim.com\/index.php\/wp-json\/wp\/v2\/posts\/3124\/revisions"}],"wp:featuredmedia":[{"embeddable":true,"href":"https:\/\/haberkaradenizim.com\/index.php\/wp-json\/wp\/v2\/media\/3125"}],"wp:attachment":[{"href":"https:\/\/haberkaradenizim.com\/index.php\/wp-json\/wp\/v2\/media?parent=3124"}],"wp:term":[{"taxonomy":"category","embeddable":true,"href":"https:\/\/haberkaradenizim.com\/index.php\/wp-json\/wp\/v2\/categories?post=3124"},{"taxonomy":"post_tag","embeddable":true,"href":"https:\/\/haberkaradenizim.com\/index.php\/wp-json\/wp\/v2\/tags?post=3124"}],"curies":[{"name":"wp","href":"https:\/\/api.w.org\/{rel}","templated":true}]}}