{"id":3108,"date":"2024-02-11T18:33:31","date_gmt":"2024-02-11T15:33:31","guid":{"rendered":"https:\/\/haberkaradenizim.com\/index.php\/2024\/02\/11\/fenerbahce-haberleri-ismail-kartaldan-rotasyon-sozleri-son-dakika-fenerbahce-haberleri\/"},"modified":"2024-02-11T18:33:31","modified_gmt":"2024-02-11T15:33:31","slug":"fenerbahce-haberleri-ismail-kartaldan-rotasyon-sozleri-son-dakika-fenerbahce-haberleri","status":"publish","type":"post","link":"https:\/\/haberkaradenizim.com\/index.php\/2024\/02\/11\/fenerbahce-haberleri-ismail-kartaldan-rotasyon-sozleri-son-dakika-fenerbahce-haberleri\/","title":{"rendered":"FENERBAH\u00c7E HABERLER\u0130 &#8211; \u0130smail Kartal\u2019dan rotasyon s\u00f6zleri! &#8211; Son dakika Fenerbah\u00e7e haberleri"},"content":{"rendered":"<p><<img decoding=\"async\" src=\"https:\/\/iaftm.tmgrup.com.tr\/fd3093\/622\/349\/0\/0\/800\/448?u=https:\/\/iftm.tmgrup.com.tr\/2024\/02\/11\/fenerbahce-haberleri-ismail-kartaldan-rotasyon-sozleri-1707665396669.jpeg\" \/><\/p>\n<div id=\"\">&#13;<br \/>\n&#13;<br \/>\n&#13;<\/p>\n<p><a href=\"https:\/\/www.fotomac.com.tr\/haberleri\/trendyol-super-lig?id=c646db9d-dc1d-4a6c-be82-0a30412df6c3\" class=\"\">Trendyol S\u00fcper Lig<\/a>&#8216;in 25. haftas\u0131nda <a href=\"https:\/\/www.fotomac.com.tr\/haberleri\/fenerbahce?id=65439000-410e-4c14-94da-0622ac043911\" class=\"\">Fenerbah\u00e7e<\/a> evinde <a href=\"https:\/\/www.fotomac.com.tr\/haberleri\/corendon-alanyaspor?id=d41ea9b2-46d3-48bd-98b7-18c03b021f39\" class=\"\">Corendon Alanyaspor<\/a>&#8216;u konuk ediyor.<\/p>\n<p>&#13;<br \/>\n&#13;<\/p>\n<p>Sar\u0131 lacivertlilerin teknik direkt\u00f6r\u00fc <a href=\"https:\/\/www.fotomac.com.tr\/haberleri\/ismail-kartal?id=d624d7e9-40f1-4094-81be-23ade98e130a\" class=\"\">\u0130smail Kartal<\/a> kar\u015f\u0131la\u015fma \u00f6ncesi a\u00e7\u0131klamalarda bulundu.<\/p>\n<p>&#13;<br \/>\n&#13;<\/p>\n<p><strong>\u0130\u015eTE KARTAL&#8217;IN S\u00d6ZLER\u0130<\/strong><\/p>\n<p>&#13;<br \/>\n&#13;<\/p>\n<p><strong>\u0130smail Kartal<\/strong>: &#8220;Kupan\u0131n ard\u0131ndan rotasyon yapt\u0131\u011f\u0131m i\u00e7in, kupada \u00e7ok fazla \u015fans vermedi\u011fim, dinlendirdi\u011fim oyuncularla birlikte en iyi \u015fekilde haz\u0131rland\u0131k. <a href=\"https:\/\/www.fotomac.com.tr\/haberleri\/alanyaspor?id=f913401e-016d-4837-8cbd-aadfc3635660\" class=\"\">Alanyaspor<\/a> deplasmanda iyi h\u00fccuma \u00e7\u0131kabiliyor. Biz de kendi evimizde kazanmak i\u00e7in gerekli \u00e7al\u0131\u015fmalar\u0131 yapt\u0131k. \u0130yi oyun, iyi m\u00fccadeleyle 3 puan\u0131 al\u0131p yolumuza devam etmek istiyoruz. Alanyaspor&#8217;un taktik anlay\u0131\u015f\u0131na g\u00f6re hamlelerimiz olacak. \u0130yi bir oyun oynayaca\u011f\u0131m\u0131z\u0131 d\u00fc\u015f\u00fcn\u00fcyorum.&#8221; ifadelerini kulland\u0131.<\/p>\n<p>&#13;<br \/>\n&#13;<br \/>\n&#13;<br \/>\n                            &#13;<br \/>\n&#13;\n                <\/p><\/div>\n","protected":false},"excerpt":{"rendered":"","protected":false},"author":1,"featured_media":3109,"comment_status":"open","ping_status":"open","sticky":false,"template":"","format":"standard","meta":{"footnotes":""},"categories":[29],"tags":[],"class_list":["post-3108","post","type-post","status-publish","format-standard","has-post-thumbnail","hentry","category-spor"],"_links":{"self":[{"href":"https:\/\/haberkaradenizim.com\/index.php\/wp-json\/wp\/v2\/posts\/3108","targetHints":{"allow":["GET"]}}],"collection":[{"href":"https:\/\/haberkaradenizim.com\/index.php\/wp-json\/wp\/v2\/posts"}],"about":[{"href":"https:\/\/haberkaradenizim.com\/index.php\/wp-json\/wp\/v2\/types\/post"}],"author":[{"embeddable":true,"href":"https:\/\/haberkaradenizim.com\/index.php\/wp-json\/wp\/v2\/users\/1"}],"replies":[{"embeddable":true,"href":"https:\/\/haberkaradenizim.com\/index.php\/wp-json\/wp\/v2\/comments?post=3108"}],"version-history":[{"count":0,"href":"https:\/\/haberkaradenizim.com\/index.php\/wp-json\/wp\/v2\/posts\/3108\/revisions"}],"wp:featuredmedia":[{"embeddable":true,"href":"https:\/\/haberkaradenizim.com\/index.php\/wp-json\/wp\/v2\/media\/3109"}],"wp:attachment":[{"href":"https:\/\/haberkaradenizim.com\/index.php\/wp-json\/wp\/v2\/media?parent=3108"}],"wp:term":[{"taxonomy":"category","embeddable":true,"href":"https:\/\/haberkaradenizim.com\/index.php\/wp-json\/wp\/v2\/categories?post=3108"},{"taxonomy":"post_tag","embeddable":true,"href":"https:\/\/haberkaradenizim.com\/index.php\/wp-json\/wp\/v2\/tags?post=3108"}],"curies":[{"name":"wp","href":"https:\/\/api.w.org\/{rel}","templated":true}]}}