{"id":3086,"date":"2024-02-08T16:33:00","date_gmt":"2024-02-08T13:33:00","guid":{"rendered":"https:\/\/haberkaradenizim.com\/index.php\/2024\/02\/08\/fizyoterapi-teknikeri-burcu-demir-hastane-onunde-esi-tarafindan-olduruldu\/"},"modified":"2024-02-08T16:33:00","modified_gmt":"2024-02-08T13:33:00","slug":"fizyoterapi-teknikeri-burcu-demir-hastane-onunde-esi-tarafindan-olduruldu","status":"publish","type":"post","link":"https:\/\/haberkaradenizim.com\/index.php\/2024\/02\/08\/fizyoterapi-teknikeri-burcu-demir-hastane-onunde-esi-tarafindan-olduruldu\/","title":{"rendered":"Fizyoterapi Teknikeri Burcu Demir Hastane \u00d6n\u00fcnde E\u015fi Taraf\u0131ndan \u00d6ld\u00fcr\u00fcld\u00fc!"},"content":{"rendered":"<div data-text-id=\"31843\" property=\"articleBody\">\n<p><a href=\"https:\/\/www.saglikpersonelihaber.net\/haberleri\" class=\"internal_link\" target=\"_blank\" title=\"\" rel=\"noopener\">Hastane \u00f6n\u00fcnde meydana gelen olayda, Burcu Co\u015fan ile e\u015fi M.C. aras\u0131nda bir tart\u0131\u015fma \u00e7\u0131kt\u0131. Tart\u0131\u015fman\u0131n kavgaya d\u00f6n\u00fc\u015fmesi \u00fczerine M.C., silah\u0131n\u0131 \u00e7ekerek e\u015fine ate\u015f etti. Olay\u0131n bildirilmesi \u00fczerine 112 Acil Sa\u011fl\u0131k ve polis ekipleri hemen olay yerine sevk edildi.<\/p>\n<p>Yap\u0131lan incelemelerde, Burcu Co\u015fan&#8217;\u0131n ya\u015fam\u0131n\u0131 yitirdi\u011fi tespit edildi. Gen\u00e7 kad\u0131n\u0131n cenazesi, otopsi i\u00e7in F\u0131rat \u00dcniversitesi Hastanesi Morgu&#8217;na g\u00f6t\u00fcr\u00fcld\u00fc. Olay yerine gelen \u00e7iftin yak\u0131nlar\u0131 \u00fcz\u00fcnt\u00fc i\u00e7inde sinir krizleri ge\u00e7irdi.<\/p>\n<p>Ka\u00e7an katil zanl\u0131s\u0131 M.C., polis ekiplerince k\u0131sa s\u00fcrede yakaland\u0131. Elaz\u0131\u011f Valili\u011fi taraf\u0131ndan yap\u0131lan a\u00e7\u0131klamada, &#8220;Olgunlar Mahallesi&#8217;nde meydana gelen olayda, B.C. isimli \u015fah\u0131s, ni\u015fanl\u0131s\u0131 (resmi nikahl\u0131) M.C. isimli \u015fah\u0131s taraf\u0131ndan tabanca ile vurulmu\u015f ve olay yerinde hayat\u0131n\u0131 kaybetmi\u015ftir. \u015e\u00fcpheli M.C. isimli \u015fah\u0131s, olayda kulland\u0131\u011f\u0131 silah ile birlikte kolluk birimlerimizce k\u0131sa s\u00fcrede yakalanm\u0131\u015ft\u0131r. Olayla ilgili adli tahkikat devam etmektedir.&#8221; denildi.<\/p>\n<div class=\"post-flash\">\n        <!--\n\n<h3 class=\"post-flash__title\">G&ouml;zden ka&ccedil;&#305;rmay&#305;n<\/h3>\n\n--><br \/>\n                <a href=\"https:\/\/www.saglikpersonelihaber.net\/cildiye-uzmani-dr-ibrahim-delice-vefat-etti\" class=\"post-flash__content\" target=\"_self\" title=\"Cildiye Uzman\u0131 Dr. \u0130brahim Delice Vefat Etti!\" style=\"background-color: #A61C1E\" rel=\"noopener\"><br \/>\n            <img loading=\"lazy\" decoding=\"async\" src=\"https:\/\/saglikpersonelihabernet.teimg.com\/crop\/250x150\/saglikpersonelihaber-net\/uploads\/2024\/02\/dr-ibrahim-delice.jpg\" alt=\"Cildiye Uzman\u0131 Dr. \u0130brahim Delice Vefat Etti!\" width=\"231\" height=\"140\" class=\"content-paragraph-image\"\/><br \/>\n            <span class=\"post-flash__heading\"><br \/>\n                <span class=\"post-flash__h4\">Cildiye Uzman\u0131 Dr. \u0130brahim Delice Vefat Etti!<\/span><br \/>\n            <\/span><br \/>\n        <\/a>\n            <\/div>\n<p>\u00c7iftin 1 ay \u00f6nce resmi nikahlar\u0131n\u0131 k\u0131yd\u0131\u011f\u0131, ancak d\u00fc\u011f\u00fcnlerinin hen\u00fcz ger\u00e7ekle\u015fmedi\u011fi \u00f6\u011frenildi.<\/p>\n<\/p><\/div>\n","protected":false},"excerpt":{"rendered":"<p>Hastane \u00f6n\u00fcnde meydana gelen olayda, Burcu Co\u015fan ile e\u015fi M.C. aras\u0131nda bir tart\u0131\u015fma \u00e7\u0131kt\u0131. Tart\u0131\u015fman\u0131n<\/p>\n","protected":false},"author":1,"featured_media":3087,"comment_status":"open","ping_status":"open","sticky":false,"template":"","format":"standard","meta":{"footnotes":""},"categories":[27],"tags":[],"class_list":["post-3086","post","type-post","status-publish","format-standard","has-post-thumbnail","hentry","category-saglik"],"_links":{"self":[{"href":"https:\/\/haberkaradenizim.com\/index.php\/wp-json\/wp\/v2\/posts\/3086","targetHints":{"allow":["GET"]}}],"collection":[{"href":"https:\/\/haberkaradenizim.com\/index.php\/wp-json\/wp\/v2\/posts"}],"about":[{"href":"https:\/\/haberkaradenizim.com\/index.php\/wp-json\/wp\/v2\/types\/post"}],"author":[{"embeddable":true,"href":"https:\/\/haberkaradenizim.com\/index.php\/wp-json\/wp\/v2\/users\/1"}],"replies":[{"embeddable":true,"href":"https:\/\/haberkaradenizim.com\/index.php\/wp-json\/wp\/v2\/comments?post=3086"}],"version-history":[{"count":0,"href":"https:\/\/haberkaradenizim.com\/index.php\/wp-json\/wp\/v2\/posts\/3086\/revisions"}],"wp:featuredmedia":[{"embeddable":true,"href":"https:\/\/haberkaradenizim.com\/index.php\/wp-json\/wp\/v2\/media\/3087"}],"wp:attachment":[{"href":"https:\/\/haberkaradenizim.com\/index.php\/wp-json\/wp\/v2\/media?parent=3086"}],"wp:term":[{"taxonomy":"category","embeddable":true,"href":"https:\/\/haberkaradenizim.com\/index.php\/wp-json\/wp\/v2\/categories?post=3086"},{"taxonomy":"post_tag","embeddable":true,"href":"https:\/\/haberkaradenizim.com\/index.php\/wp-json\/wp\/v2\/tags?post=3086"}],"curies":[{"name":"wp","href":"https:\/\/api.w.org\/{rel}","templated":true}]}}