{"id":3072,"date":"2024-02-07T01:25:27","date_gmt":"2024-02-06T22:25:27","guid":{"rendered":"https:\/\/haberkaradenizim.com\/index.php\/2024\/02\/07\/galatasarayda-carlos-vinicius-teteyle-gol-sevincini-konusmustuk\/"},"modified":"2024-02-07T01:25:27","modified_gmt":"2024-02-06T22:25:27","slug":"galatasarayda-carlos-vinicius-teteyle-gol-sevincini-konusmustuk","status":"publish","type":"post","link":"https:\/\/haberkaradenizim.com\/index.php\/2024\/02\/07\/galatasarayda-carlos-vinicius-teteyle-gol-sevincini-konusmustuk\/","title":{"rendered":"Galatasaray&#8217;da Carlos Vinicius: Tete&#8217;yle gol sevincini konu\u015fmu\u015ftuk"},"content":{"rendered":"<p><<img decoding=\"async\" src=\"https:\/\/iaftm.tmgrup.com.tr\/f58784\/622\/349\/0\/0\/800\/448?u=https:\/\/iftm.tmgrup.com.tr\/2024\/02\/06\/galatasarayda-carlos-vinicius-teteyle-gol-sevincini-konusmustuk-1707251105245.jpeg\" \/><\/p>\n<div>\n<h2 class=\"detail-spot view-10 view-md-20\">Ziraat T\u00fcrkiye Kupas\u0131 son 16 turu ma\u00e7\u0131nda Galatasaray sahas\u0131nda Teks\u00fct Band\u0131rmaspor&#8217;u 4-2&#8217;lik skorla ma\u011flup etti. Sar\u0131-k\u0131rm\u0131z\u0131l\u0131larda Carlos Vinicius ve Tete, m\u00fccadele sonras\u0131 a\u00e7\u0131klamalarda bulundu. Sambac\u0131 golc\u00fc, &#8220;Gelmeden \u00f6nce Tete&#8217;nin burada oldu\u011funu d\u00fc\u015f\u00fcnerek geldim. Gol sevinci daha \u00f6nceden d\u00fc\u015f\u00fcnd\u00fc\u011f\u00fcm\u00fcz bir \u015feydi. Gol\u00fc att\u0131m ve bunu yapabildik.&#8221; ifadelerini kulland\u0131. | Galatasaray haberleri (GS spor haberi)<\/h2>\n<p>Ziraat T\u00fcrkiye Kupas\u0131 son 16 turunda sahas\u0131nda Teks\u00fct Band\u0131rmaspor&#8217;u 4-2 ma\u011flup eden Galatasaray&#8217;da Carlos Vinicius ve Tete, galibiyetin ard\u0131ndan a\u00e7\u0131klamalarda bulundu.<\/p>\n<p><strong>VINICIUS: GOL SEV\u0130NC\u0130N\u0130 D\u00dc\u015e\u00dcND\u00dcK!<\/strong><\/p>\n<p>\u00c7ok mutluyum. \u0130lk ma\u00e7\u0131m\u0131z, ilk gol. Kendi taraftar\u0131m\u0131zla birlikte olduk. Tak\u0131m arkada\u015f\u0131mla bir sevin\u00e7 yapt\u0131k, \u00e7ok mutluyum. Gelmeden \u00f6nce Tete&#8217;nin burada oldu\u011funu d\u00fc\u015f\u00fcnerek geldim. Gol sevinci daha \u00f6nceden d\u00fc\u015f\u00fcnd\u00fc\u011f\u00fcm\u00fcz bir \u015feydi. Gol\u00fc att\u0131m ve bunu yapabildik.<\/p>\n<p>H\u0131zl\u0131 geli\u015fen bir transfer s\u00fcreci oldu. \u015eehri bile g\u00f6rmeye f\u0131rsat\u0131m olmad\u0131. Tak\u0131m arkada\u015flar\u0131m s\u0131cak bir \u015fekilde kar\u015f\u0131lad\u0131. Sezonun geri kalan\u0131n\u0131 iyi bir \u015fekilde ge\u00e7irece\u011fimize inan\u0131yorum<\/p>\n<p><strong>TETE: YARDIMCI OLAB\u0130LD\u0130\u011e\u0130M \u0130\u00c7\u0130N MUTLUYUM<\/strong><\/p>\n<p>Tak\u0131ma yard\u0131mc\u0131 olabildi\u011fim i\u00e7in \u00e7ok mutluyum. Bunu kendi \u00fclkemden biriyle yapt\u0131\u011f\u0131m i\u00e7in mutluyum. Brezilyal\u0131 bir daha oyuncumuzun olmas\u0131na mutlu oldum. \u0130leti\u015fimimiz iyi. Birbirimize asistler yapaca\u011f\u0131z, bunun i\u00e7in de heyecanl\u0131y\u0131z.<\/p>\n<\/p><\/div>\n","protected":false},"excerpt":{"rendered":"","protected":false},"author":1,"featured_media":3073,"comment_status":"open","ping_status":"open","sticky":false,"template":"","format":"standard","meta":{"footnotes":""},"categories":[29],"tags":[],"class_list":["post-3072","post","type-post","status-publish","format-standard","has-post-thumbnail","hentry","category-spor"],"_links":{"self":[{"href":"https:\/\/haberkaradenizim.com\/index.php\/wp-json\/wp\/v2\/posts\/3072","targetHints":{"allow":["GET"]}}],"collection":[{"href":"https:\/\/haberkaradenizim.com\/index.php\/wp-json\/wp\/v2\/posts"}],"about":[{"href":"https:\/\/haberkaradenizim.com\/index.php\/wp-json\/wp\/v2\/types\/post"}],"author":[{"embeddable":true,"href":"https:\/\/haberkaradenizim.com\/index.php\/wp-json\/wp\/v2\/users\/1"}],"replies":[{"embeddable":true,"href":"https:\/\/haberkaradenizim.com\/index.php\/wp-json\/wp\/v2\/comments?post=3072"}],"version-history":[{"count":0,"href":"https:\/\/haberkaradenizim.com\/index.php\/wp-json\/wp\/v2\/posts\/3072\/revisions"}],"wp:featuredmedia":[{"embeddable":true,"href":"https:\/\/haberkaradenizim.com\/index.php\/wp-json\/wp\/v2\/media\/3073"}],"wp:attachment":[{"href":"https:\/\/haberkaradenizim.com\/index.php\/wp-json\/wp\/v2\/media?parent=3072"}],"wp:term":[{"taxonomy":"category","embeddable":true,"href":"https:\/\/haberkaradenizim.com\/index.php\/wp-json\/wp\/v2\/categories?post=3072"},{"taxonomy":"post_tag","embeddable":true,"href":"https:\/\/haberkaradenizim.com\/index.php\/wp-json\/wp\/v2\/tags?post=3072"}],"curies":[{"name":"wp","href":"https:\/\/api.w.org\/{rel}","templated":true}]}}