{"id":3068,"date":"2024-02-06T13:08:23","date_gmt":"2024-02-06T10:08:23","guid":{"rendered":"https:\/\/haberkaradenizim.com\/index.php\/2024\/02\/06\/galatasaray-bandirmaspor-macinin-var-hakemi-belli-oldu-son-dakika-galatasaray-haberleri\/"},"modified":"2024-02-06T13:08:23","modified_gmt":"2024-02-06T10:08:23","slug":"galatasaray-bandirmaspor-macinin-var-hakemi-belli-oldu-son-dakika-galatasaray-haberleri","status":"publish","type":"post","link":"https:\/\/haberkaradenizim.com\/index.php\/2024\/02\/06\/galatasaray-bandirmaspor-macinin-var-hakemi-belli-oldu-son-dakika-galatasaray-haberleri\/","title":{"rendered":"Galatasaray &#8211; Band\u0131rmaspor ma\u00e7\u0131n\u0131n VAR hakemi belli oldu! &#8211; Son dakika Galatasaray haberleri"},"content":{"rendered":"<p><<img decoding=\"async\" src=\"https:\/\/iaftm.tmgrup.com.tr\/9778c7\/622\/349\/0\/0\/863\/485?u=https:\/\/iftm.tmgrup.com.tr\/2024\/02\/06\/galatasaray-bandirmaspor-macinin-var-hakemi-belli-oldu-1707212086974.png\" \/><\/p>\n<div id=\"\">&#13;<br \/>\n&#13;<br \/>\n&#13;<\/p>\n<p><a href=\"https:\/\/www.fotomac.com.tr\/haberleri\/ziraat-turkiye-kupasi-son-16-turu?id=9b38845f-2c83-455b-a032-fc2962be7e6a\" class=\"\">Ziraat T\u00fcrkiye Kupas\u0131 Son 16 Turu<\/a>&#8216;nda 6 \u015eubat Sal\u0131 g\u00fcn\u00fc (bug\u00fcn) saat 20.45&#8217;de <a href=\"https:\/\/www.fotomac.com.tr\/haberleri\/galatasaray_360186657892?id=3244342f-a271-458a-9df6-4ce02ec4287d\" class=\"\">Galatasaray<\/a> ile <a href=\"https:\/\/www.fotomac.com.tr\/haberleri\/bandirmaspor?id=ca3ff742-744f-46b2-b714-7b44b6ae844d\" class=\"\">Band\u0131rmaspor<\/a> kar\u015f\u0131 kar\u015f\u0131ya gelecek.<\/p>\n<p>&#13;<\/p>\n<p><a href=\"https:\/\/www.fotomac.com.tr\/haberleri\/rams-park?id=8fa59d4a-8b92-4d0f-a691-cc44d534ebd9\" class=\"\">RAMS Park<\/a>&#8216;ta oynanacak m\u00fccadelede hakem <a href=\"https:\/\/www.fotomac.com.tr\/haberleri\/muhammet-ali-metoglu?id=b5ec61cf-4a8f-44db-be01-17c32d9ba31d\" class=\"\">Muhammet Ali Meto\u011flu<\/a> d\u00fcd\u00fck \u00e7alacak. Meto\u011flu&#8217;nun yard\u0131mc\u0131l\u0131klar\u0131n\u0131 <a href=\"https:\/\/www.fotomac.com.tr\/haberleri\/mehmet-salih-mazlum?id=c01daeea-5cc8-4d7a-80f8-5085c1292e92\" class=\"\">Mehmet Salih Mazlum<\/a> ile <a href=\"https:\/\/www.fotomac.com.tr\/haberleri\/murat-ergin-gozutok?id=4dd7e640-88e1-4f91-97c7-c27e49312111\" class=\"\">Murat Ergin G\u00f6z\u00fctok<\/a> yapacak. Kar\u015f\u0131la\u015fman\u0131n d\u00f6rd\u00fcnc\u00fc hakemi <a href=\"https:\/\/www.fotomac.com.tr\/haberleri\/mehmet-turkmen?id=fb3afe13-f519-4f88-b0ef-5c94cc4e7021\" class=\"\">Mehmet T\u00fcrkmen<\/a> olacak.&#13;\n<\/p>\n<p>M\u00fccadelede VAR koltu\u011funda ise <a href=\"https:\/\/www.fotomac.com.tr\/haberleri\/ozgur-yankaya?id=e4e80a6d-eb20-456b-908d-6bb6ff5dc4ad\" class=\"\">\u00d6zg\u00fcr Yankaya<\/a> oturacak. <a href=\"https:\/\/www.fotomac.com.tr\/haberleri\/avar?id=21d1a3a3-216a-4d6d-8dbe-d56a9cd92bba\" class=\"\">AVAR<\/a>&#8216;da da <a href=\"https:\/\/www.fotomac.com.tr\/haberleri\/cagdas-altay?id=12a07419-f962-489e-876e-ae184612feab\" class=\"\">\u00c7a\u011fda\u015f Altay<\/a> g\u00f6rev yapacak.<\/p>\n<p>&#13;<\/p>\n<div class=\"membrana-content\"\/>&#13;<br \/>\n&#13;<br \/>\n&#13;<\/p>\n<div class=\"pure-txtlink\"><\/div>\n<p>&#13;<br \/>\n&#13;\n                <\/p><\/div>\n","protected":false},"excerpt":{"rendered":"","protected":false},"author":1,"featured_media":3069,"comment_status":"open","ping_status":"open","sticky":false,"template":"","format":"standard","meta":{"footnotes":""},"categories":[29],"tags":[],"class_list":["post-3068","post","type-post","status-publish","format-standard","has-post-thumbnail","hentry","category-spor"],"_links":{"self":[{"href":"https:\/\/haberkaradenizim.com\/index.php\/wp-json\/wp\/v2\/posts\/3068","targetHints":{"allow":["GET"]}}],"collection":[{"href":"https:\/\/haberkaradenizim.com\/index.php\/wp-json\/wp\/v2\/posts"}],"about":[{"href":"https:\/\/haberkaradenizim.com\/index.php\/wp-json\/wp\/v2\/types\/post"}],"author":[{"embeddable":true,"href":"https:\/\/haberkaradenizim.com\/index.php\/wp-json\/wp\/v2\/users\/1"}],"replies":[{"embeddable":true,"href":"https:\/\/haberkaradenizim.com\/index.php\/wp-json\/wp\/v2\/comments?post=3068"}],"version-history":[{"count":0,"href":"https:\/\/haberkaradenizim.com\/index.php\/wp-json\/wp\/v2\/posts\/3068\/revisions"}],"wp:featuredmedia":[{"embeddable":true,"href":"https:\/\/haberkaradenizim.com\/index.php\/wp-json\/wp\/v2\/media\/3069"}],"wp:attachment":[{"href":"https:\/\/haberkaradenizim.com\/index.php\/wp-json\/wp\/v2\/media?parent=3068"}],"wp:term":[{"taxonomy":"category","embeddable":true,"href":"https:\/\/haberkaradenizim.com\/index.php\/wp-json\/wp\/v2\/categories?post=3068"},{"taxonomy":"post_tag","embeddable":true,"href":"https:\/\/haberkaradenizim.com\/index.php\/wp-json\/wp\/v2\/tags?post=3068"}],"curies":[{"name":"wp","href":"https:\/\/api.w.org\/{rel}","templated":true}]}}