{"id":3064,"date":"2024-02-06T01:05:18","date_gmt":"2024-02-05T22:05:18","guid":{"rendered":"https:\/\/haberkaradenizim.com\/index.php\/2024\/02\/06\/rayo-vallecano-1-2-sevilla-mac-sonucu-ozet-son-dakika-ispanya-la-liga-haberleri\/"},"modified":"2024-02-06T01:05:18","modified_gmt":"2024-02-05T22:05:18","slug":"rayo-vallecano-1-2-sevilla-mac-sonucu-ozet-son-dakika-ispanya-la-liga-haberleri","status":"publish","type":"post","link":"https:\/\/haberkaradenizim.com\/index.php\/2024\/02\/06\/rayo-vallecano-1-2-sevilla-mac-sonucu-ozet-son-dakika-ispanya-la-liga-haberleri\/","title":{"rendered":"Rayo Vallecano 1-2 Sevilla MA\u00c7 SONUCU &#8211; \u00d6ZET &#8211; Son dakika \u0130spanya La Liga haberleri"},"content":{"rendered":"<p><<img decoding=\"async\" src=\"https:\/\/iaftm.tmgrup.com.tr\/bb2a02\/622\/349\/0\/0\/2048\/1147?u=https:\/\/iftm.tmgrup.com.tr\/2024\/02\/06\/rayo-vallecano-1-2-sevilla-mac-sonucu-ozet-1707169570382.jpeg\" \/><\/p>\n<div id=\"\">&#13;<br \/>\n&#13;<br \/>\n&#13;<\/p>\n<p><a href=\"https:\/\/www.fotomac.com.tr\/haberleri\/ispanya-la-liga?id=670591e5-2b57-4571-b8f7-19302ef2f469\" class=\"\">\u0130spanya La Liga<\/a>&#8216;n\u0131n 23. haftas\u0131nda <a href=\"https:\/\/www.fotomac.com.tr\/haberleri\/rayo-vallecano?id=1261230f-8f17-420c-90b1-bbc2ad9da969\" class=\"\">Rayo Vallecano<\/a> ile <a href=\"https:\/\/www.fotomac.com.tr\/haberleri\/sevilla?id=c3a99e59-05d9-40ef-9e86-1b807c2ccbba\" class=\"\">Sevilla<\/a> kar\u015f\u0131 kar\u015f\u0131ya geldi.<\/p>\n<p>&#13;<br \/>\n&#13;<\/p>\n<p>Konuk ekip Sevilla rakibini 2-1 ma\u011flup ederek 3 puan\u0131n sahibi oldu.<\/p>\n<p>&#13;<br \/>\n&#13;<\/p>\n<p>Sevilla&#8217;ya galibiyeti getiren golleri 19 ve 45. dakikalarda <a href=\"https:\/\/www.fotomac.com.tr\/haberleri\/youssef-en-nesyri?id=15f0e78f-6089-4e29-b678-491dc7cef18e\" class=\"\">Youssef En Nesyri<\/a> kaydetti.<\/p>\n<p>&#13;<br \/>\n&#13;<\/p>\n<p>Ev sahibi Rayo Vallecano&#8217;nun tek gol\u00fc 29. dakikada <a href=\"https:\/\/www.fotomac.com.tr\/haberleri\/isaac-palazon-camacho?id=a682908a-e26b-435e-ae22-34ceac5fc1b4\" class=\"\">Isaac Palazon Camacho<\/a>&#8216;dan geldi.<\/p>\n<p>&#13;<br \/>\n&#13;<\/p>\n<p>16. s\u0131rada yer alan Sevilla ald\u0131\u011f\u0131 galibiyetle puan\u0131n\u0131 20&#8217;ye y\u00fckselterek d\u00fc\u015fme hatt\u0131ndan uzakla\u015ft\u0131.<\/p>\n<p>&#13;<br \/>\n&#13;<\/p>\n<p>Rayo Vallecano ise 24 puanda kald\u0131.<\/p>\n<p>&#13;<br \/>\n&#13;<br \/>\n&#13;<br \/>\n&#13;\n                <\/p><\/div>\n","protected":false},"excerpt":{"rendered":"","protected":false},"author":1,"featured_media":3065,"comment_status":"open","ping_status":"open","sticky":false,"template":"","format":"standard","meta":{"footnotes":""},"categories":[29],"tags":[],"class_list":["post-3064","post","type-post","status-publish","format-standard","has-post-thumbnail","hentry","category-spor"],"_links":{"self":[{"href":"https:\/\/haberkaradenizim.com\/index.php\/wp-json\/wp\/v2\/posts\/3064","targetHints":{"allow":["GET"]}}],"collection":[{"href":"https:\/\/haberkaradenizim.com\/index.php\/wp-json\/wp\/v2\/posts"}],"about":[{"href":"https:\/\/haberkaradenizim.com\/index.php\/wp-json\/wp\/v2\/types\/post"}],"author":[{"embeddable":true,"href":"https:\/\/haberkaradenizim.com\/index.php\/wp-json\/wp\/v2\/users\/1"}],"replies":[{"embeddable":true,"href":"https:\/\/haberkaradenizim.com\/index.php\/wp-json\/wp\/v2\/comments?post=3064"}],"version-history":[{"count":0,"href":"https:\/\/haberkaradenizim.com\/index.php\/wp-json\/wp\/v2\/posts\/3064\/revisions"}],"wp:featuredmedia":[{"embeddable":true,"href":"https:\/\/haberkaradenizim.com\/index.php\/wp-json\/wp\/v2\/media\/3065"}],"wp:attachment":[{"href":"https:\/\/haberkaradenizim.com\/index.php\/wp-json\/wp\/v2\/media?parent=3064"}],"wp:term":[{"taxonomy":"category","embeddable":true,"href":"https:\/\/haberkaradenizim.com\/index.php\/wp-json\/wp\/v2\/categories?post=3064"},{"taxonomy":"post_tag","embeddable":true,"href":"https:\/\/haberkaradenizim.com\/index.php\/wp-json\/wp\/v2\/tags?post=3064"}],"curies":[{"name":"wp","href":"https:\/\/api.w.org\/{rel}","templated":true}]}}