{"id":2926,"date":"2024-01-18T20:42:00","date_gmt":"2024-01-18T17:42:00","guid":{"rendered":"https:\/\/haberkaradenizim.com\/index.php\/2024\/01\/18\/ali-yalcin-2-barajinin-kaldirilmasina-tepki-gosterdi-o-zaman-dayanisma-aidati-getirilsin\/"},"modified":"2024-01-18T20:42:00","modified_gmt":"2024-01-18T17:42:00","slug":"ali-yalcin-2-barajinin-kaldirilmasina-tepki-gosterdi-o-zaman-dayanisma-aidati-getirilsin","status":"publish","type":"post","link":"https:\/\/haberkaradenizim.com\/index.php\/2024\/01\/18\/ali-yalcin-2-barajinin-kaldirilmasina-tepki-gosterdi-o-zaman-dayanisma-aidati-getirilsin\/","title":{"rendered":"Ali Yal\u00e7\u0131n %2 Baraj\u0131n\u0131n Kald\u0131r\u0131lmas\u0131na Tepki G\u00f6sterdi: O Zaman Dayan\u0131\u015fma Aidat\u0131 Getirilsin!"},"content":{"rendered":"<div data-text-id=\"31439\" property=\"articleBody\">\n<div class=\"post-flash\"><a href=\"https:\/\/www.saglikpersonelihaber.net\/haberleri\" class=\"internal_link\" target=\"_blank\" title=\"\" rel=\"noopener\"><br \/>\n        <!--\n\n<h3 class=\"post-flash__title\">G&ouml;zden ka&ccedil;&#305;rmay&#305;n<\/h3>\n\n--><br \/>\n                <a href=\"https:\/\/www.saglikpersonelihaber.net\/kamu-iscileri-icin-2024-de-sendika-aidatlari-aciklandi\" class=\"post-flash__content\" target=\"_self\" title=\"Kamu \u0130\u015f\u00e7ileri \u0130\u00e7in 2024 De Sendika Aidatlar\u0131 A\u00e7\u0131kland\u0131!\" style=\"background-color: #1C38A6\" rel=\"noopener\"><br \/>\n            <img loading=\"lazy\" decoding=\"async\" src=\"https:\/\/saglikpersonelihabernet.teimg.com\/crop\/250x150\/saglikpersonelihaber-net\/uploads\/2024\/01\/sendika-aidatlari-2024.jpg\" alt=\"Kamu \u0130\u015f\u00e7ileri \u0130\u00e7in 2024 De Sendika Aidatlar\u0131 A\u00e7\u0131kland\u0131!\" width=\"231\" height=\"140\" class=\"content-paragraph-image\"\/><br \/>\n            <span class=\"post-flash__heading\"><br \/>\n                <span class=\"post-flash__h4\">Kamu \u0130\u015f\u00e7ileri \u0130\u00e7in 2024 De Sendika Aidatlar\u0131 A\u00e7\u0131kland\u0131!<\/span><br \/>\n            <\/span><br \/>\n        <\/a>\n            <\/div>\n<p>Memur Sen konfederasyonu Genel ba\u015fkan\u0131 Ali Yal\u00e7\u0131n Anayasa Mahkemesi\u2019nin %2\u2019lik sendika \u00fcyelik baraj\u0131na ili\u015fkin iptal karar\u0131n\u0131n ard\u0131ndan sosyal medya hesab\u0131 \u00fczerinden a\u00e7\u0131klamalarda bulundu.<\/p>\n<p>Yal\u00e7\u0131n a\u00e7\u0131klamas\u0131nda \u0130\u015f\u00e7i Sendikalar\u0131\u2019nda uygulanan dayan\u0131\u015fma aidat\u0131n\u0131 memur sendikalar\u0131 i\u00e7in de hayata ge\u00e7irilmesini talep etti.<\/p>\n<p>Her f\u0131rsatta dile getirdikleri dayan\u0131\u015fma aidat\u0131n\u0131 yeniden hat\u0131rlatan Yal\u00e7\u0131n, i\u015f\u00e7i sendikalar da prati\u011fi olan bu uygulaman\u0131n memur sendikalar\u0131 i\u00e7in de hayata ge\u00e7irilmesinin ka\u00e7\u0131n\u0131lmaz hale geldi\u011fini savundu.<\/p>\n<p>4688 say\u0131l\u0131 sendika kanunu at\u0131fta bulunan Ali Yal\u00e7\u0131n yetkinin hukukunun korunmas\u0131 gerekti\u011fini belirterek sendika kanunda k\u00f6kl\u00fc de\u011fi\u015fikliklerin yap\u0131lmas\u0131 zorunlu oldu\u011funu s\u00f6yledi.<\/p>\n<p><strong>Yal\u00e7\u0131n a\u00e7\u0131klamas\u0131nda \u015fu ifadelere yer verdi:<\/strong><\/p>\n<p>7. D\u00f6nem Hakem Kurulu Karar\u0131nda yer alan \u201c4688\u2019in De\u011fi\u015ftirilmesi\u201d h\u00fckm\u00fcm\u00fcz; palyatif d\u00fczenlemeler yerine bir b\u00fct\u00fcn olarak ele al\u0131nacak \u015fekilde \u00c7al\u0131\u015fma ve Sosyal G\u00fcvenlik Bakanl\u0131\u011f\u0131 koordinesinde birlikte \u00e7al\u0131\u015f\u0131larak yasal d\u00fczenleme acilen yap\u0131lmal\u0131d\u0131r.<\/p>\n<\/p><\/div>\n","protected":false},"excerpt":{"rendered":"<p>Kamu \u0130\u015f\u00e7ileri \u0130\u00e7in 2024 De Sendika Aidatlar\u0131 A\u00e7\u0131kland\u0131! Memur Sen konfederasyonu Genel ba\u015fkan\u0131 Ali Yal\u00e7\u0131n<\/p>\n","protected":false},"author":1,"featured_media":2927,"comment_status":"open","ping_status":"open","sticky":false,"template":"","format":"standard","meta":{"footnotes":""},"categories":[27],"tags":[],"class_list":["post-2926","post","type-post","status-publish","format-standard","has-post-thumbnail","hentry","category-saglik"],"_links":{"self":[{"href":"https:\/\/haberkaradenizim.com\/index.php\/wp-json\/wp\/v2\/posts\/2926","targetHints":{"allow":["GET"]}}],"collection":[{"href":"https:\/\/haberkaradenizim.com\/index.php\/wp-json\/wp\/v2\/posts"}],"about":[{"href":"https:\/\/haberkaradenizim.com\/index.php\/wp-json\/wp\/v2\/types\/post"}],"author":[{"embeddable":true,"href":"https:\/\/haberkaradenizim.com\/index.php\/wp-json\/wp\/v2\/users\/1"}],"replies":[{"embeddable":true,"href":"https:\/\/haberkaradenizim.com\/index.php\/wp-json\/wp\/v2\/comments?post=2926"}],"version-history":[{"count":0,"href":"https:\/\/haberkaradenizim.com\/index.php\/wp-json\/wp\/v2\/posts\/2926\/revisions"}],"wp:featuredmedia":[{"embeddable":true,"href":"https:\/\/haberkaradenizim.com\/index.php\/wp-json\/wp\/v2\/media\/2927"}],"wp:attachment":[{"href":"https:\/\/haberkaradenizim.com\/index.php\/wp-json\/wp\/v2\/media?parent=2926"}],"wp:term":[{"taxonomy":"category","embeddable":true,"href":"https:\/\/haberkaradenizim.com\/index.php\/wp-json\/wp\/v2\/categories?post=2926"},{"taxonomy":"post_tag","embeddable":true,"href":"https:\/\/haberkaradenizim.com\/index.php\/wp-json\/wp\/v2\/tags?post=2926"}],"curies":[{"name":"wp","href":"https:\/\/api.w.org\/{rel}","templated":true}]}}