{"id":2782,"date":"2023-12-30T18:56:00","date_gmt":"2023-12-30T15:56:00","guid":{"rendered":"https:\/\/haberkaradenizim.com\/index.php\/2023\/12\/30\/saglikta-siddet-arastirildi-korkunc-rapor-ortaya-cikti\/"},"modified":"2023-12-30T18:56:00","modified_gmt":"2023-12-30T15:56:00","slug":"saglikta-siddet-arastirildi-korkunc-rapor-ortaya-cikti","status":"publish","type":"post","link":"https:\/\/haberkaradenizim.com\/index.php\/2023\/12\/30\/saglikta-siddet-arastirildi-korkunc-rapor-ortaya-cikti\/","title":{"rendered":"Sa\u011fl\u0131kta \u015eiddet Ara\u015ft\u0131r\u0131ld\u0131, Korkun\u00e7 Rapor Ortaya \u00c7\u0131kt\u0131!"},"content":{"rendered":"<div data-text-id=\"31049\" property=\"articleBody\">\n<p><a href=\"https:\/\/www.saglikpersonelihaber.net\/haberleri\" class=\"internal_link\" target=\"_blank\" title=\"\" rel=\"noopener\">\u0130MDAT Derne\u011fi Ba\u015fkan\u0131 ve Adli T\u0131p Uzman\u0131 Prof. Dr. O\u011fuz Polat, son bir y\u0131l i\u00e7inde sa\u011fl\u0131kta \u015fiddet olaylar\u0131n\u0131n y\u00fczde 86&#8217;ya varan oranda artt\u0131\u011f\u0131n\u0131 belirtti. Prof. Dr. Polat, bu art\u0131\u015f\u0131n endi\u015fe verici oldu\u011funu vurgulayarak, &#8220;Her 4 olgudan 3&#8217;\u00fc s\u00f6zel ba\u015flay\u0131p fiziksel \u015fiddete d\u00f6n\u00fc\u015f\u00fcyor. \u00d6zellikle ate\u015fli silah ya da b\u0131\u00e7ak gibi alet kullan\u0131m\u0131n\u0131n art\u0131\u015f\u0131 korkutucu. K\u0131rsalda balta, keser, ta\u015f, hatta pompal\u0131 t\u00fcfekle sa\u011fl\u0131k \u00e7al\u0131\u015fanlar\u0131na yap\u0131lan sald\u0131r\u0131lar ya\u015fan\u0131rken, \u015fehirde daha \u00e7ok b\u0131\u00e7ak ve silah kullan\u0131m\u0131 g\u00f6rmekteyiz. Maalesef, her 5 olgunun 1&#8217;inde adli s\u00fcrecin dahi ba\u015flat\u0131lmad\u0131\u011f\u0131n\u0131 g\u00f6zlemliyoruz&#8221; dedi.<\/p>\n<p>Prof. Dr. Polat, ayr\u0131ca &#8220;Beyzbol sopas\u0131 sat\u0131\u015flar\u0131 Amerika&#8217;dan sonra d\u00fcnyada en \u00e7ok T\u00fcrkiye&#8217;de. Hepsi sadece kavga etmek, d\u00f6v\u00fc\u015fmek ve birbirini d\u00f6vmek i\u00e7in sat\u0131l\u0131yor. \u015eiddet, ya\u015fam\u0131m\u0131z\u0131n \u00e7ok i\u00e7erisinde ve sanki \u00e7\u00f6z\u00fcm\u00fcn bir par\u00e7as\u0131 gibi alg\u0131lan\u0131yor&#8221; diye ekledi.<\/p>\n<p>\u0130MDAT \u015eiddeti \u00d6nleme ve Rehabilitasyon Derne\u011fi&#8217;nin &#8220;Sa\u011fl\u0131kta \u015eiddet&#8221; ara\u015ft\u0131rmas\u0131na g\u00f6re, 1 Ocak ile 20 Aral\u0131k 2023 tarihleri aras\u0131nda medyaya yans\u0131yan &#8220;sa\u011fl\u0131kta \u015fiddet&#8221; olaylar\u0131 say\u0131s\u0131 457&#8217;yi buldu. Bu sald\u0131r\u0131lar\u0131n y\u00fczde 43&#8217;\u00fc hem\u015firelere, y\u00fczde 41&#8217;i hekimlere ve y\u00fczde 15.8&#8217;i yard\u0131mc\u0131 sa\u011fl\u0131k personeline y\u00f6nelik oldu. \u015eiddet vakalar\u0131n\u0131n y\u00fczde 60&#8217;tan fazlas\u0131 hasta yak\u0131nlar\u0131 taraf\u0131ndan ger\u00e7ekle\u015ftirildi. \u015eiddet olaylar\u0131n\u0131n y\u00fczde 75&#8217;i hem s\u00f6zel hem fiziksel \u015fiddet olarak kaydedilirken, y\u00fczde 86&#8217;s\u0131 darp, y\u00fczde 14&#8217;\u00fc ise ate\u015fli ve silahl\u0131 sald\u0131r\u0131 \u015feklinde ger\u00e7ekle\u015fti. Ancak t\u00fcm bu ya\u015fananlara ra\u011fmen \u015fiddet olaylar\u0131n\u0131n y\u00fczde 5&#8217;te biri adli s\u00fcre\u00e7lere bile yans\u0131madan kapat\u0131l\u0131yor.<\/p>\n<p>Sa\u011fl\u0131kta \u015fiddetin en \u00e7ok ya\u015fand\u0131\u011f\u0131 bran\u015flarda ba\u015f\u0131 acil servis, genel cerrahi ve kad\u0131n do\u011fum \u00e7ekiyor.<\/p>\n<p><strong>&#8220;10 VAKADAN 9&#8217;U S\u00d6ZEL \u015e\u0130DDETLE BA\u015eLIYOR&#8221;<\/strong><\/p>\n<p>Prof. Dr. Polat, &#8220;\u015eiddet \u00d6nleme ve Rehabilitasyon Derne\u011fi olarak her y\u0131l bir rapor yay\u0131nl\u0131yoruz ve o y\u0131l\u0131n en \u00f6nemli konular\u0131n\u0131 kendimize baz se\u00e7iyoruz. Bu y\u0131l sa\u011fl\u0131kta \u015fiddeti se\u00e7tik, \u00e7\u00fcnk\u00fc \u00e7ok fazla olay ya\u015fam\u0131yor&#8221; diyerek \u00e7al\u0131\u015fman\u0131n detaylar\u0131n\u0131 \u015f\u00f6yle \u00f6zetledi: &#8220;Medya \u00fczerinden bir \u00e7al\u0131\u015fma yapt\u0131k. Medyada 25 kanal\u0131 ve haber mecras\u0131n\u0131 tarad\u0131k ve oralarda \u00e7\u0131kan haberlere g\u00f6re bir \u00e7al\u0131\u015fma ortaya \u00e7\u0131kard\u0131k. Ama biliyoruz ki bu \u00e7al\u0131\u015fma asl\u0131nda buzda\u011f\u0131n\u0131n sadece g\u00f6r\u00fcnen y\u00fcz\u00fc. Alt\u0131nda \u00e7ok daha fazlas\u0131 var. En \u00e7ok dikkat \u00e7eken olay, y\u00fczde 85 gibi bir oran ki her 10 vakan\u0131n 9&#8217;u yapar, burada \u015fiddet \u00f6nce s\u00f6zel ba\u015fl\u0131yor, ondan sonra fiziksel \u015fiddete, darpa d\u00f6n\u00fcyor. 2021&#8217;den 2022&#8217;ye sa\u011fl\u0131kta \u015fiddette y\u00fczde 31 art\u0131\u015f olmu\u015f. Ama 2022&#8217;den 2023&#8217;e geldi\u011fimiz zaman y\u00fczde 86&#8217;l\u0131k bir art\u0131\u015f var.&#8221;<\/p>\n<p><strong>&#8220;Y\u00dcZDE 13, D\u0130REKT YUMRUKLARLA DALIYOR&#8221;<\/strong><\/p>\n<p>Sa\u011fl\u0131kta \u015fiddette ikinci k\u00f6t\u00fc boyutun bu olaylara maruz kalanlar\u0131n y\u00fczde 87&#8217;sinin hekim ve hem\u015fire oldu\u011funa dikkat \u00e7eken Prof. Dr. Polat, &#8220;Sald\u0131ran her 5 ki\u015fiden 3&#8217;\u00fc de hasta yak\u0131n\u0131. S\u00f6zel \u015fiddet oran\u0131 y\u00fczde 10. Her 10 ki\u015fiden biri, ba\u011f\u0131r\u0131yor \u00e7a\u011f\u0131r\u0131yor s\u00f6zel \u015fiddet g\u00f6steriyor ama y\u00fczde 13, hi\u00e7 konu\u015fmadan direkt yumruklarla, darp ederek giriyor. Bir de ba\u015fka boyut daha giriyor i\u015fin i\u00e7ine, ate\u015fli silahlar ya da kesici aletler konusu. K\u0131rsalda balta, keser, sopa \u00e7ok daha yo\u011fun. Hatta ta\u015f ve pompal\u0131 silah bile kullan\u0131ld\u0131\u011f\u0131n\u0131 g\u00f6r\u00fcyoruz. Ama \u015fehre geldi\u011fimizde, metropollerde ate\u015fli silah, b\u0131\u00e7ak, kesici aletlerin daha fazla kullan\u0131ld\u0131\u011f\u0131n\u0131 g\u00f6r\u00fcyoruz. Bu \u00e7ok net bir ayr\u0131m gibi \u00e7\u0131k\u0131yor kar\u015f\u0131m\u0131za&#8221; dedi.<\/p>\n<p><strong>&#8220;5 VAKADAN B\u0130R\u0130 ADL\u0130 MERC\u0130LERE DAH\u0130 YANSIMIYOR&#8221;<\/strong><\/p>\n<p>Prof. Dr. Polat, t\u00fcm bu \u015fiddet olaylar\u0131na ra\u011fmen, her 5 vakan\u0131n birinin adli mercilere dahi yans\u0131madan kapand\u0131\u011f\u0131n\u0131 s\u00f6yleyerek hastanelerdeki mimari yap\u0131n\u0131n \u015fiddet olaylar\u0131n\u0131n \u00f6nlenmesinde b\u00fcy\u00fck pay\u0131 oldu\u011funu kaydetti . Polat, &#8220;D\u00fcnyadaki \u00f6rneklere bakt\u0131\u011f\u0131m\u0131z zaman, birka\u00e7 tane \u00f6n plana \u00e7\u0131kan \u00e7al\u0131\u015fma var. Mesela bizde, hi\u00e7 dikkate al\u0131nmayan mimari boyut. Bizim hastanelerimizde b\u00fct\u00fcn poliklinikler, b\u00fcy\u00fck, geni\u015f alanlardan yay\u0131l\u0131yor. Halbuki bak\u0131yoruz d\u00fcnyaya biraz daha izole ortamlarda gidiliyor. B\u00f6ylelikle kalabal\u0131klar, insanlar\u0131n fiziki olarak bir arada toplanmas\u0131n\u0131n \u00e7ok kolay olmad\u0131\u011f\u0131 yerler olu\u015fturuluyor. Bir de \u00e7ok k\u0131sa d\u00f6nemli g\u00fcvenlik zafiyetleri ya\u015fan\u0131yor bizde. \u00d6n\u00fcne gelen, istedi\u011fi yere giriyor, acile yo\u011fun bak\u0131mlara vs. Bunlar\u0131n \u00f6nlenebilmesi gerekiyor. G\u00f6stermelik birka\u00e7 g\u00fcvenlik, alarm sistemlerinin yap\u0131lmas\u0131 vb ile bunun \u00e7\u00f6z\u00fclmeyece\u011fi \u00e7ok a\u00e7\u0131k&#8221; dedi.<\/p>\n<p><strong>&#8220;KURALLAR &#8216;VATANDA\u015eIN \u0130\u015e\u0130N\u0130 ZORLA\u015eTIRMAK \u0130\u00c7\u0130NM\u0130\u015e G\u0130B\u0130&#8217; B\u0130R ALGI VAR&#8221;<\/strong><\/p>\n<p>Prof. Polat, hekim g\u00f6\u00e7\u00fc ile sa\u011fl\u0131kta \u015fiddetin birbirinden ba\u011f\u0131ms\u0131z d\u00fc\u015f\u00fcn\u00fclemeyecek konular oldu\u011funa da i\u015faret ederek &#8220;Evet fak\u00fclte say\u0131m\u0131z artt\u0131, doktor say\u0131m\u0131z artt\u0131 ama halen yeterli sa\u011fl\u0131k personelimiz, doktorlar\u0131m\u0131z ba\u015fta olmak \u00fczere yok. Demek ki bunun i\u00e7in \u00f6nlemler almam\u0131z gerekiyor. Doktorlar\u0131n ve sa\u011fl\u0131k personelinin de\u011fersizle\u015ftirilmesini g\u00f6r\u00fcyoruz. Bu birinci boyut. \u0130kinci boyut ise sa\u011fl\u0131k personelinin ne yapmas\u0131 gerekti\u011fi, nas\u0131l yapmas\u0131 gerekti\u011fi ile ilgili hastalar\u0131m\u0131z\u0131 ve toplumumuzu \u00e7ok bilgilendirmemi\u015fiz. Vatanda\u015f zannediyor ki, istedi\u011fi zaman gelir, hastaneye girer, istedi\u011fi i\u015flemi yapt\u0131r\u0131r ve \u00e7\u0131kar. Kurallar, yap\u0131lmas\u0131 gereken prosed\u00fcrler, sanki onlara zorluk \u00e7\u0131karmak i\u00e7in konulmu\u015f alg\u0131s\u0131 var. oysa bir algoritma var. Bu algoritma i\u00e7erisinde \u00e7al\u0131\u015fmak zorunda sa\u011fl\u0131k sistemi&#8221; diye konu\u015ftu.\u00a0<\/p>\n<div class=\"post-flash\">\n        <!--\n\n<h3 class=\"post-flash__title\">G&ouml;zden ka&ccedil;&#305;rmay&#305;n<\/h3>\n\n--><br \/>\n                <a href=\"https:\/\/www.saglikpersonelihaber.net\/antalyada-112-acil-cagrilarinin-yuzde-62isi-asilsiz-ihbar-olarak-kayda-gecti\" class=\"post-flash__content\" target=\"_self\" title=\"Antalya\u2019da 112 Acil \u00c7a\u011fr\u0131lar\u0131n\u0131n Y\u00fczde 62\u2019isi As\u0131ls\u0131z \u0130hbar Olarak Kayda Ge\u00e7ti!\" style=\"background-color: #A61C1E\" rel=\"noopener\"><br \/>\n            <img loading=\"lazy\" decoding=\"async\" src=\"https:\/\/saglikpersonelihabernet.teimg.com\/crop\/250x150\/saglikpersonelihaber-net\/uploads\/2023\/12\/112-cagri.jpg\" alt=\"Antalya\u2019da 112 Acil \u00c7a\u011fr\u0131lar\u0131n\u0131n Y\u00fczde 62\u2019isi As\u0131ls\u0131z \u0130hbar Olarak Kayda Ge\u00e7ti!\" width=\"231\" height=\"140\" class=\"content-paragraph-image\"\/><br \/>\n            <span class=\"post-flash__heading\"><br \/>\n                <span class=\"post-flash__h4\">Antalya\u2019da 112 Acil \u00c7a\u011fr\u0131lar\u0131n\u0131n Y\u00fczde 62\u2019isi As\u0131ls\u0131z \u0130hbar Olarak Kayda Ge\u00e7ti!<\/span><br \/>\n            <\/span><br \/>\n        <\/a>\n            <\/div>\n<p><strong>&#8220;BEYZBOL SOPASI SATI\u015eLARINDA ABD&#8217;DEN B\u0130LE \u00d6NDEY\u0130Z&#8221;<\/strong><\/p>\n<p>\u015eiddetin sadece sa\u011fl\u0131kta de\u011fil, genel olarak toplumda \u00e7ok b\u00fcy\u00fck bir sorun haline geldi\u011fine de dikkat \u00e7eken Prof. Dr. Polat, &#8220;Toplumsal \u015fiddetteki boyutumuzun, acildeki yans\u0131mas\u0131n\u0131 g\u00f6r\u00fcyoruz. \u00d6rne\u011fin bak\u0131yoruz, trafikte en ufak bir tart\u0131\u015fmada insanlar birbirleriyle kavga etmeye ba\u015fl\u0131yor. \u00c7ok ilgin\u00e7 bir istatistik s\u00f6yleyeyim, biz beyzbol oynayan bir toplum de\u011filiz. Ama beyzbol sopas\u0131 sat\u0131\u015flar\u0131 Amerika&#8217;dan sonra d\u00fcnyada en \u00e7ok T\u00fcrkiye&#8217;de. Hepsi sadece kavga etmek, d\u00f6v\u00fc\u015fmek ve birbirini d\u00f6vmek i\u00e7in sat\u0131l\u0131yor. \u015eiddet, ya\u015fam\u0131m\u0131z\u0131n \u00e7ok i\u00e7erisinde ve sanki \u00e7\u00f6z\u00fcm\u00fcn bir par\u00e7as\u0131 gibi alg\u0131lan\u0131yor&#8221; dedi.<\/p>\n<p><strong>&#8220;D\u00dcNYADA BU \u0130\u015e\u0130 \u00c7\u00d6ZM\u00dc\u015e \u00dcLKERELDE A\u011eIR YAPTIRIMLAR VAR&#8221;<\/strong><\/p>\n<p>Prof. Dr. Polat, d\u00fcnyada, sa\u011fl\u0131kta \u015fiddeti \u00e7\u00f6zm\u00fc\u015f \u00fclkelerdeki dikkat \u00e7eken \u00f6nlemlere de de\u011finerek &#8220;G\u00f6rev ba\u015f\u0131ndaki bir sa\u011fl\u0131k \u00e7al\u0131\u015fan\u0131na \u015fiddet uygulayan ki\u015finin, \u00e7ok acil olmad\u0131k\u00e7a sa\u011fl\u0131k hizmeti almaktan belli bir s\u00fcre i\u00e7in men edilmesi gibi bir ceza var, ki bence \u00e7ok ge\u00e7erli, uygulanabilir bir cezad\u0131r. Bug\u00fcn, Amerika&#8217;ya bakt\u0131\u011f\u0131m\u0131zda bu var. Almanya ve \u0130ngiltere&#8217;de ise \u015funu yap\u0131yorlar: Hekimlere veya sa\u011fl\u0131k \u00e7al\u0131\u015fanlar\u0131na herhangi bir \u015fiddet uyguland\u0131\u011f\u0131 anda, \u00e7ok h\u0131zl\u0131 bir mahkeme a\u015famas\u0131 var ve \u00e7ok da a\u011f\u0131r cezalar uyguluyorlar. Devlet g\u00f6revlilerinin, Cumhurba\u015fkan\u0131ndan ba\u015flamak \u00fczere, mutlaka ve mutlaka bu konuda do\u011fru mesajlar\u0131 vermesi gerekti\u011fini bir kez daha hat\u0131rlatmak isterim. Sonu\u00e7ta, d\u00fcnyada bu sorunu \u00e7\u00f6zm\u00fc\u015f \u00fclkelere bakt\u0131\u011f\u0131m\u0131zda, emniyetin, hukukun, o \u00fclkeyi y\u00f6netenlerin hepsinin birlikte, olaya bir tav\u0131r koymas\u0131 s\u00f6z konusu ve \u00f6nlemleri alm\u0131\u015f olmas\u0131 s\u00f6z konusu&#8221; ifadelerini kulland\u0131.<\/p>\n<\/p><\/div>\n","protected":false},"excerpt":{"rendered":"<p>\u0130MDAT Derne\u011fi Ba\u015fkan\u0131 ve Adli T\u0131p Uzman\u0131 Prof. Dr. O\u011fuz Polat, son bir y\u0131l i\u00e7inde<\/p>\n","protected":false},"author":1,"featured_media":2783,"comment_status":"open","ping_status":"open","sticky":false,"template":"","format":"standard","meta":{"footnotes":""},"categories":[27],"tags":[],"class_list":["post-2782","post","type-post","status-publish","format-standard","has-post-thumbnail","hentry","category-saglik"],"_links":{"self":[{"href":"https:\/\/haberkaradenizim.com\/index.php\/wp-json\/wp\/v2\/posts\/2782","targetHints":{"allow":["GET"]}}],"collection":[{"href":"https:\/\/haberkaradenizim.com\/index.php\/wp-json\/wp\/v2\/posts"}],"about":[{"href":"https:\/\/haberkaradenizim.com\/index.php\/wp-json\/wp\/v2\/types\/post"}],"author":[{"embeddable":true,"href":"https:\/\/haberkaradenizim.com\/index.php\/wp-json\/wp\/v2\/users\/1"}],"replies":[{"embeddable":true,"href":"https:\/\/haberkaradenizim.com\/index.php\/wp-json\/wp\/v2\/comments?post=2782"}],"version-history":[{"count":0,"href":"https:\/\/haberkaradenizim.com\/index.php\/wp-json\/wp\/v2\/posts\/2782\/revisions"}],"wp:featuredmedia":[{"embeddable":true,"href":"https:\/\/haberkaradenizim.com\/index.php\/wp-json\/wp\/v2\/media\/2783"}],"wp:attachment":[{"href":"https:\/\/haberkaradenizim.com\/index.php\/wp-json\/wp\/v2\/media?parent=2782"}],"wp:term":[{"taxonomy":"category","embeddable":true,"href":"https:\/\/haberkaradenizim.com\/index.php\/wp-json\/wp\/v2\/categories?post=2782"},{"taxonomy":"post_tag","embeddable":true,"href":"https:\/\/haberkaradenizim.com\/index.php\/wp-json\/wp\/v2\/tags?post=2782"}],"curies":[{"name":"wp","href":"https:\/\/api.w.org\/{rel}","templated":true}]}}