{"id":2772,"date":"2023-12-30T20:19:11","date_gmt":"2023-12-30T17:19:11","guid":{"rendered":"https:\/\/haberkaradenizim.com\/index.php\/2023\/12\/30\/besiktas-kasimpasa-macinin-hazirliklarina-devam-etti-son-dakika-besiktas-haberleri\/"},"modified":"2023-12-30T20:19:11","modified_gmt":"2023-12-30T17:19:11","slug":"besiktas-kasimpasa-macinin-hazirliklarina-devam-etti-son-dakika-besiktas-haberleri","status":"publish","type":"post","link":"https:\/\/haberkaradenizim.com\/index.php\/2023\/12\/30\/besiktas-kasimpasa-macinin-hazirliklarina-devam-etti-son-dakika-besiktas-haberleri\/","title":{"rendered":"Be\u015fikta\u015f, Kas\u0131mpa\u015fa ma\u00e7\u0131n\u0131n haz\u0131rl\u0131klar\u0131na devam etti &#8211; Son dakika Be\u015fikta\u015f haberleri"},"content":{"rendered":"<p><<img decoding=\"async\" src=\"https:\/\/iaftm.tmgrup.com.tr\/3b6ddf\/622\/349\/0\/0\/800\/449?u=https:\/\/iftm.tmgrup.com.tr\/2023\/12\/30\/besiktas-kasimpasa-macinin-hazirliklarina-devam-etti-1703953890072.jpeg\" \/><\/p>\n<div id=\"\">&#13;<br \/>\n&#13;<br \/>\n&#13;<\/p>\n<p><a href=\"https:\/\/www.fotomac.com.tr\/haberleri\/besiktas?id=28fd8829-36bc-4b06-8a71-33cb4902d706\" class=\"\">Be\u015fikta\u015f<\/a>, <a href=\"https:\/\/www.fotomac.com.tr\/haberleri\/trendyol-super-lig?id=c646db9d-dc1d-4a6c-be82-0a30412df6c3\" class=\"\">Trendyol S\u00fcper Lig<\/a>&#8216;in 19. haftas\u0131nda 5 Ocak Cuma g\u00fcn\u00fc sahas\u0131nda <a href=\"https:\/\/www.fotomac.com.tr\/haberleri\/kasimpasa?id=91664f93-a7d3-4052-95e0-36ea5596dc56\" class=\"\">Kas\u0131mpa\u015fa<\/a> ile oynayaca\u011f\u0131 ma\u00e7\u0131n haz\u0131rl\u0131klar\u0131n\u0131 s\u00fcrd\u00fcrd\u00fc.<\/p>\n<p>&#13;<\/p>\n<p>Siyah-beyazl\u0131 kul\u00fcpten yap\u0131lan a\u00e7\u0131klamaya g\u00f6re <a href=\"https:\/\/www.fotomac.com.tr\/haberleri\/bjk-nevzat-demir-tesisleri?id=0ae59a4a-21f9-4cfb-9ace-3612f9817492\" class=\"\">BJK Nevzat Demir Tesisleri<\/a>&#8216;nde 19 ya\u015f alt\u0131 akademi tak\u0131m\u0131 teknik sorumlusu <a href=\"https:\/\/www.fotomac.com.tr\/haberleri\/serdar-topraktepe?id=f09dc5a8-4fd3-4ffc-b641-d76e64b6f218\" class=\"\">Serdar Topraktepe<\/a> y\u00f6netiminde ba\u015flayan g\u00fcn\u00fcn ikinci ve son antrenman\u0131, \u0131s\u0131nma ko\u015fular\u0131 ve pas \u00e7al\u0131\u015fmas\u0131yla ba\u015flad\u0131.&#13;\n<\/p>\n<p>Siyah-beyazl\u0131larda kadro d\u0131\u015f\u0131 b\u0131rak\u0131lan <a href=\"https:\/\/www.fotomac.com.tr\/haberleri\/ghezzal?id=57935f93-11c9-4c05-883b-9231ab8fba07\" class=\"\">Ghezzal<\/a> tak\u0131mla birlikte yer ald\u0131.<\/p>\n<p>&#13;<\/p>\n<p>\u015eut \u00e7al\u0131\u015fmas\u0131yla devam eden idman, dar alanda \u00e7ift kale ma\u00e7la tamamland\u0131.<\/p>\n<p>&#13;<br \/>\n&#13;<br \/>\n&#13;<br \/>\n&#13;<br \/>\n&#13;<br \/>\n                            &#13;<br \/>\n&#13;\n                <\/p><\/div>\n","protected":false},"excerpt":{"rendered":"","protected":false},"author":1,"featured_media":2773,"comment_status":"open","ping_status":"open","sticky":false,"template":"","format":"standard","meta":{"footnotes":""},"categories":[29],"tags":[],"class_list":["post-2772","post","type-post","status-publish","format-standard","has-post-thumbnail","hentry","category-spor"],"_links":{"self":[{"href":"https:\/\/haberkaradenizim.com\/index.php\/wp-json\/wp\/v2\/posts\/2772","targetHints":{"allow":["GET"]}}],"collection":[{"href":"https:\/\/haberkaradenizim.com\/index.php\/wp-json\/wp\/v2\/posts"}],"about":[{"href":"https:\/\/haberkaradenizim.com\/index.php\/wp-json\/wp\/v2\/types\/post"}],"author":[{"embeddable":true,"href":"https:\/\/haberkaradenizim.com\/index.php\/wp-json\/wp\/v2\/users\/1"}],"replies":[{"embeddable":true,"href":"https:\/\/haberkaradenizim.com\/index.php\/wp-json\/wp\/v2\/comments?post=2772"}],"version-history":[{"count":0,"href":"https:\/\/haberkaradenizim.com\/index.php\/wp-json\/wp\/v2\/posts\/2772\/revisions"}],"wp:featuredmedia":[{"embeddable":true,"href":"https:\/\/haberkaradenizim.com\/index.php\/wp-json\/wp\/v2\/media\/2773"}],"wp:attachment":[{"href":"https:\/\/haberkaradenizim.com\/index.php\/wp-json\/wp\/v2\/media?parent=2772"}],"wp:term":[{"taxonomy":"category","embeddable":true,"href":"https:\/\/haberkaradenizim.com\/index.php\/wp-json\/wp\/v2\/categories?post=2772"},{"taxonomy":"post_tag","embeddable":true,"href":"https:\/\/haberkaradenizim.com\/index.php\/wp-json\/wp\/v2\/tags?post=2772"}],"curies":[{"name":"wp","href":"https:\/\/api.w.org\/{rel}","templated":true}]}}