{"id":2770,"date":"2023-12-29T19:13:00","date_gmt":"2023-12-29T16:13:00","guid":{"rendered":"https:\/\/haberkaradenizim.com\/index.php\/2023\/12\/29\/ttb-beyaz-reform-hekimlere-derman-olmadi\/"},"modified":"2023-12-29T19:13:00","modified_gmt":"2023-12-29T16:13:00","slug":"ttb-beyaz-reform-hekimlere-derman-olmadi","status":"publish","type":"post","link":"https:\/\/haberkaradenizim.com\/index.php\/2023\/12\/29\/ttb-beyaz-reform-hekimlere-derman-olmadi\/","title":{"rendered":"TTB: &#8216;Beyaz Reform&#8217; Hekimlere Derman Olmad\u0131!"},"content":{"rendered":"<div data-text-id=\"31031\" property=\"articleBody\">\n<p><a href=\"https:\/\/www.saglikpersonelihaber.net\/haberleri\" class=\"internal_link\" target=\"_blank\" title=\"\" rel=\"noopener\">TTB Merkez Konseyi \u00fcyesi Dr. Alican Bahad\u0131r, yap\u0131lan a\u00e7\u0131klamada, her iki hekimden birinin yurtd\u0131\u015f\u0131na gitmek istedi\u011fini ve hekimlerin neredeyse yar\u0131s\u0131n\u0131n ald\u0131klar\u0131 \u00fccretin harcamalar\u0131na yetmedi\u011fini ifade etti. Ankete kat\u0131lanlar\u0131n b\u00fcy\u00fck \u00e7o\u011funlu\u011funun, sa\u011fl\u0131kta \u015fiddet konusunda g\u00fcvenli bir \u00e7al\u0131\u015fma ortam\u0131n\u0131n sa\u011flanmad\u0131\u011f\u0131na inand\u0131\u011f\u0131n\u0131 belirtti. Dr. Bahad\u0131r, &#8220;Anketin sonu\u00e7lar\u0131, &#8216;Beyaz Reform&#8217;un hekimlere ve sa\u011fl\u0131k ortam\u0131na derman olamad\u0131\u011f\u0131n\u0131, hatta \u00f6nceki sistemin devam\u0131 niteli\u011finde oldu\u011funu g\u00f6steriyor. \u00c7\u00f6z\u00fcme giden yol, TTB ve sa\u011fl\u0131k emek meslek \u00f6rg\u00fctlerinin haklar\u0131m\u0131z i\u00e7in olu\u015fturdu\u011fu talepleri birlikte m\u00fccadele ederek hayata ge\u00e7irmektir&#8221; \u015feklinde konu\u015ftu.<\/p>\n<p>A\u00e7\u0131klamada ayr\u0131ca, Sa\u011fl\u0131k Bakan\u0131 taraf\u0131ndan duyurulan &#8220;Beyaz Reform&#8221; adl\u0131 de\u011fi\u015fikliklerin ger\u00e7ekte ne kadar fayda sa\u011flad\u0131\u011f\u0131n\u0131 \u00f6l\u00e7mek amac\u0131yla bu anket \u00e7al\u0131\u015fmas\u0131na ba\u015fvurduklar\u0131 belirtildi. Dr. Bahad\u0131r, &#8220;Emek Bizim S\u00f6z Bizim&#8221; beyaz eylemleri \u00f6ncesinde yap\u0131lan ankete g\u00f6re nelerin de\u011fi\u015fti\u011fini de de\u011ferlendirdiklerini ifade etti.<\/p>\n<p><strong>AYLIK GEL\u0130R HARCAMALARA YETM\u0130YOR<\/strong><\/p>\n<p>2 bin 289 hekimin ankete ula\u015ft\u0131\u011f\u0131n\u0131 ancak bin 502 hekimin yan\u0131tlar\u0131n\u0131n de\u011ferlendirmeye al\u0131nd\u0131\u011f\u0131n\u0131 ifade eden Dr. Bahad\u0131r, kat\u0131l\u0131mc\u0131lar\u0131n ya\u015f ortalamas\u0131n\u0131n 50, %41\u2019inin pratisyen hekim, %39\u2019unun uzman hekim ve %6\u2019s\u0131n\u0131n ise asistan hekim yahut yan dal asistan\u0131 oldu\u011funu belirtti. \u00c7al\u0131\u015fmaya g\u00f6re; \u201cAy sonu geldi\u011finde ayl\u0131k gelirinizin ne kadar\u0131 cebinizde kal\u0131yor?\u201d sorusuna kat\u0131l\u0131mc\u0131lar\u0131n %44\u2019\u00fc \u201cAyl\u0131k \u00fccretimi tamamen harcamama ra\u011fmen yetmiyor\u201d yan\u0131t\u0131n\u0131 verdi. \u00c7al\u0131\u015fmaya kat\u0131lan hekimlerin sadece %27\u2019si ise ayl\u0131k \u00fccretinin tam yetti\u011fi cevab\u0131n\u0131 verdi.<\/p>\n<p><strong>\u00c7ALI\u015eMAYA KATILAN HEK\u0130MLER\u0130N %87\u2019S\u0130 \u015e\u0130DDET YA\u015eADI<\/strong><\/p>\n<p>\u201c\u00c7al\u0131\u015fma \u015fartlar\u0131n\u0131z\u0131n yo\u011funlu\u011fu nedeniyle hastalar\u0131n\u0131zla veya i\u015finizle yeterli ve uygun \u015fekilde ilgilenemedi\u011finizi d\u00fc\u015f\u00fcn\u00fcyor musunuz?\u201d sorusuna kat\u0131l\u0131mc\u0131lar\u0131n %64\u2019\u00fc \u201cevet\u201d dedi. \u201cDaha \u00f6nce hasta veya yak\u0131n\u0131 taraf\u0131ndan s\u00f6zel veya fiziksel \u015fiddet g\u00f6rd\u00fcn\u00fcz m\u00fc?\u201d sorusuna ise kat\u0131l\u0131mc\u0131lar\u0131n %87\u2019si \u201cevet\u201d dedi. \u015eiddet ard\u0131ndan Beyaz Kod veya ilgili mercilere \u015fikayet bildirimi yapt\u0131n\u0131z m\u0131?, sorusuna ise kat\u0131l\u0131mc\u0131lar\u0131n yaln\u0131zca %36\u2019s\u0131 \u201cevet\u201d yan\u0131t\u0131n\u0131 verdi. 2021 Eyl\u00fcl ay\u0131ndaki ankette de ayn\u0131 soru sorulmu\u015ftu ve bu oran %43\u2019t\u00fc. Yine anket \u00e7al\u0131\u015fmas\u0131na kat\u0131lanlar\u0131n %59\u2019u son bir sene i\u00e7erisinde hasta veya yak\u0131nlar\u0131ndan fiziksel veya s\u00f6zel \u015fiddet g\u00f6rd\u00fc\u011f\u00fcn\u00fc, %69\u2019u son bir sene i\u00e7erisinde \u00e7al\u0131\u015ft\u0131\u011f\u0131 ortamda s\u00f6zel veya fiziksel \u015fiddet olay\u0131na \u015fahit oldu\u011funu, ayr\u0131ca ankete kat\u0131lanlar\u0131n %91\u2019i yetkililer taraf\u0131ndan kendilerine sa\u011fl\u0131kta \u015fiddet a\u00e7\u0131s\u0131ndan g\u00fcvenli bir \u00e7al\u0131\u015fma ortam\u0131n\u0131n sa\u011fland\u0131\u011f\u0131n\u0131 d\u00fc\u015f\u00fcnmedi\u011fini belirtti. Sorular\u0131 yan\u0131tlayan hekimlerin %66\u2019s\u0131 yurt d\u0131\u015f\u0131nda hekimlik yapmak istedi\u011fini s\u00f6ylerken; hekimlerin neredeyse yar\u0131s\u0131 mevcut ko\u015fullarda hekimlik mesle\u011fini severek yapmad\u0131\u011f\u0131n\u0131 ifade etti. Sorular\u0131 yan\u0131tlayanlar\u0131n yaln\u0131zca %34\u2019\u00fc sa\u011fl\u0131k hizmeti \u00fcretti\u011fi birimde karar alma s\u00fcre\u00e7lerine kat\u0131labilece\u011fi mekanizmalara sahip oldu\u011funu s\u00f6yledi. %88\u2019i i\u015f y\u00fck\u00fc ve zaman bask\u0131s\u0131n\u0131 (\u00f6rne\u011fin 5 dakikada bir muayene) sa\u011fl\u0131kta \u015fiddetin \u00f6nemli nedenlerden g\u00f6rmekte oldu\u011funu s\u00f6yledi. %69\u2019u sa\u011fl\u0131kta \u015fiddetin en \u00f6nemli nedenlerinden biri olarak performansa dayal\u0131 \u00fccretlendirmeyi (te\u015fvik sistemi) sorumlu tutarken; %93\u2019\u00fc sa\u011fl\u0131kta \u015fiddetin en \u00f6nemli nedenlerinden biri olarak yetersiz cezalar\u0131 g\u00f6rmekte oldu\u011funu s\u00f6yledi.<\/p>\n<p><strong>HEK\u0130MLER X-RAY\u2019\u0130N \u015e\u0130DDET\u0130 \u00d6NLEMEDE ETK\u0130L\u0130 OLACA\u011eINA \u0130NANMIYOR<\/strong><\/p>\n<p>Kat\u0131l\u0131mc\u0131lar\u0131n %74\u2019\u00fc, ge\u00e7ti\u011fimiz sene Sa\u011fl\u0131k Bakanl\u0131\u011f\u0131\u2019n\u0131n a\u00e7\u0131klamalar\u0131 sonras\u0131 hastanelerin bir b\u00f6l\u00fcm\u00fcne konulan X-Ray uygulamas\u0131n\u0131n sa\u011fl\u0131kta \u015fiddet a\u00e7\u0131s\u0131ndan etkili oldu\u011funu d\u00fc\u015f\u00fcnmemekte. %62\u2019si ise Sa\u011fl\u0131k Bakanl\u0131\u011f\u0131n\u0131n Gri Kod uygulamas\u0131n\u0131n sa\u011fl\u0131kta \u015fiddete y\u00f6nelik etkili bir \u00f6nlem olaca\u011f\u0131n\u0131 d\u00fc\u015f\u00fcnmemekte oldu\u011funu ifade etti. Sorular\u0131 yan\u0131tlayan hekimlerin yar\u0131dan fazlas\u0131 TTB\u2019nin sa\u011fl\u0131kta \u015fiddetle alakal\u0131 yasa teklifinin sa\u011fl\u0131kta \u015fiddete y\u00f6nelik etkili bir \u00f6nlem olaca\u011f\u0131n\u0131 d\u00fc\u015f\u00fcn\u00fcyor. B\u00fcy\u00fck \u00e7o\u011funlu\u011fu ise toplumsal \u015fiddetle m\u00fccadele edilmeden sa\u011fl\u0131kta \u015fiddetle m\u00fccadele edilemeyece\u011fini savunuyor.<\/p>\n<p><strong>&#8220;\u00c7\u00d6Z\u00dcM HEK\u0130MLER\u0130N TALEPLER\u0130N\u0130 HAYATA GE\u00c7\u0130RMEKTE&#8221;<\/strong><\/p>\n<div class=\"post-flash\">\n        <!--\n\n<h3 class=\"post-flash__title\">G&ouml;zden ka&ccedil;&#305;rmay&#305;n<\/h3>\n\n--><br \/>\n                <a href=\"https:\/\/www.saglikpersonelihaber.net\/skandal-belge-hatay-devlet-hastanesi-faciasinda-72-kisi-odenek-olmadigi-icin-hayatini-kaybetti\" class=\"post-flash__content\" target=\"_self\" title=\"Skandal Belge: Hatay Devlet Hastanesi Facias\u0131nda 72 Ki\u015fi, '\u00d6denek Olmad\u0131\u011f\u0131' \u0130\u00e7in Hayat\u0131n\u0131 Kaybetti!\" style=\"background-color: #1C38A6\" rel=\"noopener\"><br \/>\n            <img loading=\"lazy\" decoding=\"async\" src=\"https:\/\/saglikpersonelihabernet.teimg.com\/crop\/250x150\/saglikpersonelihaber-net\/uploads\/2023\/12\/hatay-devlet-hastanesi.jpg\" alt=\"Skandal Belge: Hatay Devlet Hastanesi Facias\u0131nda 72 Ki\u015fi, '\u00d6denek Olmad\u0131\u011f\u0131' \u0130\u00e7in Hayat\u0131n\u0131 Kaybetti!\" width=\"231\" height=\"140\" class=\"content-paragraph-image\"\/><br \/>\n            <span class=\"post-flash__heading\"><br \/>\n                <span class=\"post-flash__h4\">Skandal Belge: Hatay Devlet Hastanesi Facias\u0131nda 72 Ki\u015fi, &#8216;\u00d6denek Olmad\u0131\u011f\u0131&#8217; \u0130\u00e7in Hayat\u0131n\u0131 Kaybetti!<\/span><br \/>\n            <\/span><br \/>\n        <\/a>\n            <\/div>\n<p>Anketin sonu\u00e7lar\u0131 ard\u0131ndan konu\u015fan Dr. Bahad\u0131r, \u201c Anketin sonu\u00e7lar\u0131ndan da g\u00f6r\u00fcld\u00fc\u011f\u00fc \u00fczere; iddia edildi\u011fi gibi &#8216;Beyaz Reform&#8217;un hekimlere ve sa\u011fl\u0131k ortam\u0131na derman olamad\u0131\u011f\u0131n\u0131, hatta sa\u011fl\u0131k emek\u00e7ilerini t\u00fcketen \u00f6nceki sistemin aynen devam\u0131 niteli\u011finde oldu\u011funu yeniden belirtiyoruz. \u00c7\u00f6z\u00fcme giden yol ise TTB ve sa\u011fl\u0131k emek meslek \u00f6rg\u00fctlerinin haklar\u0131m\u0131z i\u00e7in olu\u015fturdu\u011fu talepleri birlikte m\u00fccadele ederek hayata ge\u00e7irmektedir\u201d diye konu\u015ftu.<\/p>\n<p>A\u00e7\u0131klama ard\u0131ndan s\u00f6z alan TTB MK \u00fcyeleri \u015funlar\u0131 ifade etti:<\/p>\n<p><strong>\u201cYEN\u0130 B\u0130R SA\u011eLIK S\u0130STEM\u0130N\u0130 KURMANIN \u00d6N\u00dcN\u00dc A\u00c7MALIYIZ\u201d<\/strong><\/p>\n<p>Dr. Onur Naci Karahanc\u0131: T\u0131p \u00f6\u011frencilerinin ya\u015fad\u0131klar\u0131na dair konu\u015fmak istiyorum. Hi\u00e7bir \u015fey iyile\u015fmedi aksine daha da k\u00f6t\u00fcle\u015fti. T\u0131p \u00f6\u011frencilerinin gelece\u011fe dair kayg\u0131lar\u0131n\u0131n artt\u0131\u011f\u0131 bir s\u00fcre\u00e7teyiz. Bug\u00fcn t\u0131p \u00f6\u011frencileri tabela \u00fcniversiteleri dedi\u011fimiz yerlerden ald\u0131klar\u0131 e\u011fitimler ile umutlu olmaya zorlan\u0131yor. Bu y\u00fczden sa\u011fl\u0131k emek \u00f6rg\u00fctleriyle ciddi bir \u015fekilde ve bilimi dinleyerek 2024\u2019te yenidir sa\u011fl\u0131k sistemini kurma yolunu a\u00e7mak zorunday\u0131z.<\/p>\n<p>Dr. Ali \u0130hsan \u00d6kten: Bu anket \u00e7al\u0131\u015fmas\u0131 hekimlerin \u015fiddetin yan\u0131nda di\u011fer var olan sorunlar\u0131n\u0131 da ortaya koyuyor. Sa\u011fl\u0131k emek\u00e7ileri olarak 2023 y\u0131l\u0131nda zor \u015feyler ya\u015fad\u0131k. 2024 y\u0131l\u0131nda bakanl\u0131k hem bizimle hem de di\u011fer sa\u011fl\u0131k meslek \u00f6rg\u00fctleriyle ba\u011f kurmazsa hem biz sa\u011fl\u0131k emek\u00e7ileri hem de sa\u011fl\u0131k hizmeti alanlar a\u00e7\u0131s\u0131ndan zor ge\u00e7ece\u011fini \u015fimdiden s\u00f6yleyebiliriz. Bir ba\u015fka mesele sa\u011fl\u0131\u011fa ayr\u0131lan b\u00fct\u00e7e ve bu kaynaklar\u0131n nerelerde \u00f6ncelendi\u011fi meselesidir. B\u00fct\u00e7eden ciddi pay\u0131n ayr\u0131ld\u0131\u011f\u0131 alan \u015fehir hastaneleridir. Ve biz TTB olarak \u015fehir hastanelerinin kamula\u015ft\u0131r\u0131lmas\u0131 gerekti\u011fini bir kez daha s\u00f6ylemek isteriz.<\/p>\n<p>Dr. \u015eebnem Korur Fincanc\u0131: \u00c7al\u0131\u015fmadan da g\u00f6r\u00fcld\u00fc\u011f\u00fc \u00fczere her 3 hekimden biri Beyaz Kod veriyor.Buna ra\u011fmen Beyaz Kod verileri y\u00fckselmeye devam ediyor. Ne yaz\u0131k ki Sa\u011fl\u0131k Bakanl\u0131\u011f\u0131 bize say\u0131 haricinde bir veri sunmuyor. TTB olarak dava a\u00e7t\u0131k. \u0130dare Mahkemesi, verilerin t\u00fcm i\u00e7eri\u011fiyle beraber TTB ile payla\u015f\u0131lmas\u0131 karar\u0131 verdi. Ancak Sa\u011fl\u0131k Bakanl\u0131\u011f\u0131 karar\u0131 uygulamamakta \u0131srarc\u0131.<\/p>\n<p><strong>\u201cSA\u011eLIKTA \u015e\u0130DDET POL\u0130T\u0130K B\u0130R TERC\u0130HT\u0130R\u201d<\/strong><\/p>\n<p>Dr. K. Do\u011fan Ero\u011fullar\u0131: \u0130ktidar\u0131n koruyucu sa\u011fl\u0131k sistemine nas\u0131l bakt\u0131\u011f\u0131n\u0131 g\u00f6rmek i\u00e7in b\u00fct\u00e7eye ve bu b\u00fct\u00e7e i\u00e7erisinde koruyucu sa\u011fl\u0131k hizmetlerine ayr\u0131lan paya bakmak yeterli. E\u011fer halk\u0131n sa\u011fl\u0131\u011f\u0131 \u00f6nceleniyor olsayd\u0131 oraya daha fazla pay, daha fazla personel, daha fazla kamu binalar\u0131 ile ilgili geli\u015fmeleri g\u00f6rmek gerekirken maalesef bunlar\u0131 g\u00f6z ard\u0131 edip, 900 milyon hasta bakmakla \u00f6v\u00fcn\u00fcyorlar. Bu \u015fu demek; benim toplumum hasta, diyerek \u00f6v\u00fcnmek demek. Biz tam tersine bireyin, i\u015f\u00e7inin ve toplumun sa\u011fl\u0131\u011f\u0131n\u0131n hastalanmadan \u00f6ncelenmesi gerekti\u011fini d\u00fc\u015f\u00fcn\u00fcyoruz. Dolay\u0131s\u0131yla bu bak\u0131\u015f a\u00e7\u0131s\u0131ndan bak\u0131ld\u0131\u011f\u0131nda aile hekimlerinin \u00e7ok ciddi sorunlar\u0131 s\u00f6z konusu. Bakanl\u0131k taleplerimizin ne oldu\u011funu biliyor. Ancak ak reform vs diyerek s\u00fcreci g\u00f6t\u00fcrmeye \u00e7al\u0131\u015f\u0131yor. Buradaki politik tercihi g\u00f6rmek gerek. Sa\u011fl\u0131kta \u015fiddet bir politik tercihtir. \u2018Doktor d\u00f6vme \u00f6zg\u00fcrl\u00fc\u011f\u00fcm\u00fcz var\u2019 diyen ki\u015finin s\u00f6zlerini ifade \u00f6zg\u00fcrl\u00fc\u011f\u00fc kapsam\u0131nda ele alan bir sistem, \u2018a\u015f\u0131 yok\u2019 diyerek halk\u0131n sa\u011fl\u0131\u011f\u0131n\u0131 \u00f6nleyen meslekta\u015f\u0131m\u0131za dava a\u00e7abiliyor.<\/p>\n<p><strong>\u201cHEK\u0130MLER B\u0130L\u0130MSEL TATM\u0130N \u0130\u00c7\u0130N G\u0130D\u0130YORLAR\u201d<\/strong><\/p>\n<p>Dr. Nursel \u015eahin: G\u00f6rd\u00fc\u011f\u00fcn\u00fcz gibi hekimlerin hi\u00e7biri mutlu de\u011fil. \u00d6zel sa\u011fl\u0131k alan\u0131nda \u00e7al\u0131\u015fan, \u00f6zel sa\u011fl\u0131k i\u015fletmelerinde ya da muayenehanelerinde \u00f6zel hekimlik hizmeti veren meslekta\u015flar\u0131m\u0131z kedi emeklerini satarak hekimlik mesle\u011fini yapmaya gayret ediyorlar. Rekabet\u00e7i bir ortam s\u00f6z konusu. Bu durum sa\u011fl\u0131k e\u011fitiminde kayna\u011f\u0131n ereye aktar\u0131ld\u0131\u011f\u0131n\u0131 bize g\u00f6steriyor. Bug\u00fcn hekimler sa\u011fl\u0131\u011f\u0131n kayma\u011f\u0131n\u0131 yiyenler aras\u0131nda birere \u00fccretli k\u00f6le haline d\u00f6n\u00fc\u015ft\u00fcler. Bu rekabet\u00e7i ortamda etik de\u011ferleri de kaybedebiliyorlar. B\u00fct\u00fcn alanlarda g\u00f6rd\u00fc\u011f\u00fcm\u00fcz reklam s\u0131n\u0131rlamalar\u0131 i\u00e7erisinde kendilerini tan\u0131tmak ve bu alanlarda yer almak zorunda kal\u0131yorlar. Ama g\u00fcvenceden yoksunlar. Bir\u00e7o\u011fu izin hakk\u0131ndan, insani ko\u015fulda \u00e7al\u0131\u015fma ko\u015fullar\u0131ndan, bayram vs g\u00fcnlerden yararlanamayan bir grup.Sistem hi\u00e7bir hekimi memnun etmiyor. Bu durum ayn\u0131 zamanda bu durum bizim t\u0131p e\u011fitimindeki tercihlerimize de yans\u0131m\u0131\u015f durumda. \u015eimdi TUS tercihlerinde gen\u00e7 hekimler hekimlik iddialar\u0131 yerine daha sonraki y\u0131llarda kendilerine gelir getirecek alanlara ka\u00e7t\u0131\u011f\u0131n\u0131 g\u00f6r\u00fcyoruz. Sizlere daha g\u00fczel \u015feyler s\u00f6ylemek isterdik ancak hem b\u00fct\u00e7eden alamad\u0131\u011f\u0131 payla hem de eme\u011finin kar\u015f\u0131l\u0131\u011f\u0131n\u0131 alamad\u0131\u011f\u0131 bir tablo ile k\u0131\u015fk\u0131rt\u0131lm\u0131\u015f sa\u011fl\u0131k hizmeti i\u00e7erisinde hizmeti vermekten tatmin olmayan ve hizmete de ula\u015famayan bir sistem i\u00e7erisinde tercih yapmalar\u0131 isteniyor. \u015eunu da ifade etmek gerek. Hekimler sadece ekonomik kayg\u0131lardan \u00f6t\u00fcr\u00fc de\u011fil, bilim i\u00e7in, mesleki tatmin i\u00e7in de yurt d\u0131\u015f\u0131n\u0131 tercih ediyorlar.<\/p>\n<\/p><\/div>\n","protected":false},"excerpt":{"rendered":"<p>TTB Merkez Konseyi \u00fcyesi Dr. Alican Bahad\u0131r, yap\u0131lan a\u00e7\u0131klamada, her iki hekimden birinin yurtd\u0131\u015f\u0131na gitmek<\/p>\n","protected":false},"author":1,"featured_media":2771,"comment_status":"open","ping_status":"open","sticky":false,"template":"","format":"standard","meta":{"footnotes":""},"categories":[27],"tags":[],"class_list":["post-2770","post","type-post","status-publish","format-standard","has-post-thumbnail","hentry","category-saglik"],"_links":{"self":[{"href":"https:\/\/haberkaradenizim.com\/index.php\/wp-json\/wp\/v2\/posts\/2770","targetHints":{"allow":["GET"]}}],"collection":[{"href":"https:\/\/haberkaradenizim.com\/index.php\/wp-json\/wp\/v2\/posts"}],"about":[{"href":"https:\/\/haberkaradenizim.com\/index.php\/wp-json\/wp\/v2\/types\/post"}],"author":[{"embeddable":true,"href":"https:\/\/haberkaradenizim.com\/index.php\/wp-json\/wp\/v2\/users\/1"}],"replies":[{"embeddable":true,"href":"https:\/\/haberkaradenizim.com\/index.php\/wp-json\/wp\/v2\/comments?post=2770"}],"version-history":[{"count":0,"href":"https:\/\/haberkaradenizim.com\/index.php\/wp-json\/wp\/v2\/posts\/2770\/revisions"}],"wp:featuredmedia":[{"embeddable":true,"href":"https:\/\/haberkaradenizim.com\/index.php\/wp-json\/wp\/v2\/media\/2771"}],"wp:attachment":[{"href":"https:\/\/haberkaradenizim.com\/index.php\/wp-json\/wp\/v2\/media?parent=2770"}],"wp:term":[{"taxonomy":"category","embeddable":true,"href":"https:\/\/haberkaradenizim.com\/index.php\/wp-json\/wp\/v2\/categories?post=2770"},{"taxonomy":"post_tag","embeddable":true,"href":"https:\/\/haberkaradenizim.com\/index.php\/wp-json\/wp\/v2\/tags?post=2770"}],"curies":[{"name":"wp","href":"https:\/\/api.w.org\/{rel}","templated":true}]}}