{"id":2768,"date":"2023-12-30T08:18:19","date_gmt":"2023-12-30T05:18:19","guid":{"rendered":"https:\/\/haberkaradenizim.com\/index.php\/2023\/12\/30\/fenerbahce-kafilesi-suudi-arabistandan-istanbula-dondu-videosunu-izle\/"},"modified":"2023-12-30T08:18:19","modified_gmt":"2023-12-30T05:18:19","slug":"fenerbahce-kafilesi-suudi-arabistandan-istanbula-dondu-videosunu-izle","status":"publish","type":"post","link":"https:\/\/haberkaradenizim.com\/index.php\/2023\/12\/30\/fenerbahce-kafilesi-suudi-arabistandan-istanbula-dondu-videosunu-izle\/","title":{"rendered":"Fenerbah\u00e7e kafilesi Suudi Arabistan\u2019dan \u0130stanbul\u2019a d\u00f6nd\u00fc! videosunu izle"},"content":{"rendered":"<p><<img decoding=\"async\" src=\"https:\/\/iaftm.tmgrup.com.tr\/931195\/622\/349\/0\/0\/943\/528?u=https:\/\/iftm.tmgrup.com.tr\/2023\/12\/30\/fenerbahce-kafilesi-suudi-arabistandan-istanbula-dondu-1703908537861.jpg\" \/><\/p>\n<div>\n<p class=\"spot\">&#13;<br \/>\n                \u0130leri bir tarihe ertelendi\u011fi a\u00e7\u0131klanan S\u00fcper Kupa finali sonras\u0131 Suudi Arabistan&#8217;dan yola \u00e7\u0131kan Fenerbah\u00e7e kafilesi, \u0130stanbul Sabiha G\u00f6k\u00e7en Havaliman\u0131&#8217;na ini\u015f yapt\u0131. Havaliman\u0131nda, tak\u0131m otob\u00fcs\u00fc i\u00e7erisinden k\u0131sa bir a\u00e7\u0131klama yapan Fenerbah\u00e7e Teknik Direkt\u00f6r\u00fc \u0130smail Kartal, taraftarlara geldikleri i\u00e7in te\u015fekk\u00fcr etti.&#13;\n            <\/p>\n<p>        <!-- billBoardFrame --><\/p><\/div>\n","protected":false},"excerpt":{"rendered":"","protected":false},"author":1,"featured_media":2769,"comment_status":"open","ping_status":"open","sticky":false,"template":"","format":"standard","meta":{"footnotes":""},"categories":[29],"tags":[],"class_list":["post-2768","post","type-post","status-publish","format-standard","has-post-thumbnail","hentry","category-spor"],"_links":{"self":[{"href":"https:\/\/haberkaradenizim.com\/index.php\/wp-json\/wp\/v2\/posts\/2768","targetHints":{"allow":["GET"]}}],"collection":[{"href":"https:\/\/haberkaradenizim.com\/index.php\/wp-json\/wp\/v2\/posts"}],"about":[{"href":"https:\/\/haberkaradenizim.com\/index.php\/wp-json\/wp\/v2\/types\/post"}],"author":[{"embeddable":true,"href":"https:\/\/haberkaradenizim.com\/index.php\/wp-json\/wp\/v2\/users\/1"}],"replies":[{"embeddable":true,"href":"https:\/\/haberkaradenizim.com\/index.php\/wp-json\/wp\/v2\/comments?post=2768"}],"version-history":[{"count":0,"href":"https:\/\/haberkaradenizim.com\/index.php\/wp-json\/wp\/v2\/posts\/2768\/revisions"}],"wp:featuredmedia":[{"embeddable":true,"href":"https:\/\/haberkaradenizim.com\/index.php\/wp-json\/wp\/v2\/media\/2769"}],"wp:attachment":[{"href":"https:\/\/haberkaradenizim.com\/index.php\/wp-json\/wp\/v2\/media?parent=2768"}],"wp:term":[{"taxonomy":"category","embeddable":true,"href":"https:\/\/haberkaradenizim.com\/index.php\/wp-json\/wp\/v2\/categories?post=2768"},{"taxonomy":"post_tag","embeddable":true,"href":"https:\/\/haberkaradenizim.com\/index.php\/wp-json\/wp\/v2\/tags?post=2768"}],"curies":[{"name":"wp","href":"https:\/\/api.w.org\/{rel}","templated":true}]}}