{"id":2757,"date":"2023-12-28T19:23:18","date_gmt":"2023-12-28T16:23:18","guid":{"rendered":"https:\/\/haberkaradenizim.com\/index.php\/2023\/12\/28\/tff-baskani-buyukeksi-fair-play-icinde-guzel-bir-mac-olmasini-istiyoruz\/"},"modified":"2023-12-28T19:23:18","modified_gmt":"2023-12-28T16:23:18","slug":"tff-baskani-buyukeksi-fair-play-icinde-guzel-bir-mac-olmasini-istiyoruz","status":"publish","type":"post","link":"https:\/\/haberkaradenizim.com\/index.php\/2023\/12\/28\/tff-baskani-buyukeksi-fair-play-icinde-guzel-bir-mac-olmasini-istiyoruz\/","title":{"rendered":"TFF Ba\u015fkan\u0131 B\u00fcy\u00fckek\u015fi: Fair play i\u00e7inde g\u00fczel bir ma\u00e7 olmas\u0131n\u0131 istiyoruz"},"content":{"rendered":"<p><<img decoding=\"async\" src=\"https:\/\/iaftm.tmgrup.com.tr\/34f872\/622\/349\/0\/0\/1200\/674?u=https:\/\/iftm.tmgrup.com.tr\/2023\/12\/28\/tff-baskani-buyukeksi-fair-play-icinde-guzel-bir-mac-olmasini-istiyoruz-1703777732943.png\" \/><\/p>\n<div id=\"\">&#13;<br \/>\n&#13;<br \/>\n&#13;<\/p>\n<p>Ge\u00e7en sezon <a href=\"https:\/\/www.fotomac.com.tr\/haberleri\/super-lig?id=9198d716-c5e4-4b0f-84d7-c7955c662dd8\" class=\"\">S\u00fcper Lig<\/a> \u015fampiyonu Galatasaray ile <a href=\"https:\/\/www.fotomac.com.tr\/haberleri\/ziraat-turkiye-kupasi?id=108a7393-e9d0-4f50-a177-d902ff5a8049\" class=\"\">Ziraat T\u00fcrkiye Kupas\u0131<\/a> kazanan\u0131 Fenerbah\u00e7e, yar\u0131n <a href=\"https:\/\/www.fotomac.com.tr\/haberleri\/turkcell-super-kupa?id=682e4736-bcf4-405a-9af1-057696deec3d\" class=\"\">Turkcell S\u00fcper Kupa<\/a>&#8216;da kar\u015f\u0131la\u015facak. <a href=\"https:\/\/www.fotomac.com.tr\/haberleri\/suudi-arabistan?id=7c750968-35ff-4fb1-a55e-24f89f089793\" class=\"\">Suudi Arabistan<\/a>&#8216;\u0131n ba\u015fkenti <a href=\"https:\/\/www.fotomac.com.tr\/haberleri\/riyad?id=33e13677-88b8-4364-964b-65223823a0ec\" class=\"\">Riyad<\/a>&#8216;daki Al-Awwal Park&#8217;ta (Kral Suud \u00dcniversitesi Stadyumu) oynanacak.<\/p>\n<p>&#13;<br \/>\n&#13;<\/p>\n<p>Kar\u015f\u0131la\u015fma i\u00e7in TFF&#8217;nin davetlisi olarak Riyad&#8217;a gelen kafile konaklayaca\u011f\u0131 otele geldi.<\/p>\n<p>&#13;<br \/>\n&#13;<\/p>\n<p>Kafilede Gen\u00e7lik ve Spor Bakan\u0131 <a href=\"https:\/\/www.fotomac.com.tr\/haberleri\/osman-askin-bak?id=81987f0c-377f-4dc6-8bf0-38142933f229\" class=\"\">Osman A\u015fk\u0131n Bak<\/a>, \u00c7al\u0131\u015fma ve Sosyal G\u00fcvenlik Bakan\u0131 <a href=\"https:\/\/www.fotomac.com.tr\/haberleri\/vedat-isikhan?id=f8c47dcf-cade-45e1-b951-fb2b6ef3f08b\" class=\"\">Vedat I\u015f\u0131khan<\/a>, eski Gen\u00e7lik ve Spor Bakan\u0131 <a href=\"https:\/\/www.fotomac.com.tr\/haberleri\/mehmet-muharrem-kasapoglu?id=66b20d78-49fc-48be-8cb3-d6d301721a19\" class=\"\">Mehmet Muharrem Kasapo\u011flu<\/a>, eski Hazine ve Maliye Bakan\u0131 <a href=\"https:\/\/www.fotomac.com.tr\/haberleri\/nureddin-nebati?id=eef3bc87-de0b-4977-a5ae-e2828ab01c15\" class=\"\">Nureddin Nebati<\/a>, <a href=\"https:\/\/www.fotomac.com.tr\/haberleri\/turkiye-futbol-federasyonu?id=3160edb3-58eb-4cfb-95c6-53500b9a5e9d\" class=\"\">T\u00fcrkiye Futbol Federasyonu<\/a> (TFF) Ba\u015fkan\u0131 Mehmet B\u00fcy\u00fckek\u015fi, TFF Y\u00f6netim Kurulu \u00fcyeleri, Ankara Valisi Vasip \u015eahin, AK Parti Konya Milletvekili <a href=\"https:\/\/www.fotomac.com.tr\/haberleri\/mehmet-baykan?id=a64167a9-a9a1-4462-9345-17d07fb64fb4\" class=\"\">Mehmet Baykan<\/a>, Kocaeli Milletvekili <a href=\"https:\/\/www.fotomac.com.tr\/haberleri\/saffet-sancakli?id=f120d110-daea-4ad0-914f-6b25885f5bf9\" class=\"\">Saffet Sancakl\u0131<\/a>, <a href=\"https:\/\/www.fotomac.com.tr\/haberleri\/a-milli-futbol-takimi?id=3e4dbedc-f545-49f0-95bd-6d02ca39178c\" class=\"\">A Milli Futbol Tak\u0131m\u0131<\/a> Teknik Direkt\u00f6r\u00fc <a href=\"https:\/\/www.fotomac.com.tr\/haberleri\/vincenzo-montella?id=c67e1ce5-6f4b-4206-bfea-683a54ecd470\" class=\"\">Vincenzo Montella<\/a>, eski A Milli Tak\u0131m Teknik Direkt\u00f6r\u00fc Mircea Lucescu, eski milli futbolcular Mehmet Topal, G\u00f6khan G\u00f6n\u00fcl, Sel\u00e7uk \u015eahin ve Sel\u00e7uk \u0130nan, yer ald\u0131.<\/p>\n<p>&#13;<br \/>\n&#13;<\/p>\n<p>Bas\u0131n mensuplar\u0131na a\u00e7\u0131klamalarda bulunan B\u00fcy\u00fckek\u015fi, &#8220;Fair play i\u00e7inde, g\u00fczel bir ma\u00e7 olmas\u0131n\u0131 istiyoruz. \u0130n\u015fallah g\u00fczel bir futbol oynan\u0131r. Neticesinde kupa olaca\u011f\u0131 i\u00e7in mutlaka bir kazanan \u00e7\u0131kacak. Hak edenin kazanaca\u011f\u0131 bir ma\u00e7 olsun.&#8221; diye konu\u015ftu.<\/p>\n<p>&#13;<br \/>\n&#13;<\/p>\n<p>Eski milli futbolculardan milletvekili Saffet Sancakl\u0131 ise &#8220;Her iki tak\u0131m\u0131m\u0131za da ba\u015far\u0131lar diliyorum. Cumhuriyetimizin 100. y\u0131l\u0131ndaki kupan\u0131n ayr\u0131 bir anlam\u0131 var. Ge\u00e7en hafta oynanan derbi hi\u00e7 kimseyi tatmin etmedi ama bu kez \u00e7ok farkl\u0131 olacak. Tek ma\u00e7 \u00fczerinden oynanacak. Bir tak\u0131m kazanmak zorunda. Di\u011feri lig ma\u00e7\u0131yd\u0131. Yar\u0131n g\u00fczel ve bol goll\u00fc bir ma\u00e7 bekliyorum.&#8221; de\u011ferlendirmesinde bulundu.<\/p>\n<p>&#13;<br \/>\n&#13;<br \/>\n                            &#13;<br \/>\n&#13;\n                <\/p><\/div>\n","protected":false},"excerpt":{"rendered":"","protected":false},"author":1,"featured_media":2758,"comment_status":"open","ping_status":"open","sticky":false,"template":"","format":"standard","meta":{"footnotes":""},"categories":[29],"tags":[],"class_list":["post-2757","post","type-post","status-publish","format-standard","has-post-thumbnail","hentry","category-spor"],"_links":{"self":[{"href":"https:\/\/haberkaradenizim.com\/index.php\/wp-json\/wp\/v2\/posts\/2757","targetHints":{"allow":["GET"]}}],"collection":[{"href":"https:\/\/haberkaradenizim.com\/index.php\/wp-json\/wp\/v2\/posts"}],"about":[{"href":"https:\/\/haberkaradenizim.com\/index.php\/wp-json\/wp\/v2\/types\/post"}],"author":[{"embeddable":true,"href":"https:\/\/haberkaradenizim.com\/index.php\/wp-json\/wp\/v2\/users\/1"}],"replies":[{"embeddable":true,"href":"https:\/\/haberkaradenizim.com\/index.php\/wp-json\/wp\/v2\/comments?post=2757"}],"version-history":[{"count":0,"href":"https:\/\/haberkaradenizim.com\/index.php\/wp-json\/wp\/v2\/posts\/2757\/revisions"}],"wp:featuredmedia":[{"embeddable":true,"href":"https:\/\/haberkaradenizim.com\/index.php\/wp-json\/wp\/v2\/media\/2758"}],"wp:attachment":[{"href":"https:\/\/haberkaradenizim.com\/index.php\/wp-json\/wp\/v2\/media?parent=2757"}],"wp:term":[{"taxonomy":"category","embeddable":true,"href":"https:\/\/haberkaradenizim.com\/index.php\/wp-json\/wp\/v2\/categories?post=2757"},{"taxonomy":"post_tag","embeddable":true,"href":"https:\/\/haberkaradenizim.com\/index.php\/wp-json\/wp\/v2\/tags?post=2757"}],"curies":[{"name":"wp","href":"https:\/\/api.w.org\/{rel}","templated":true}]}}