{"id":2755,"date":"2023-12-28T09:48:00","date_gmt":"2023-12-28T06:48:00","guid":{"rendered":"https:\/\/haberkaradenizim.com\/index.php\/2023\/12\/28\/tukhak-hastaneler-kantinleri-turistik-mekanlar-degildir-bashekim-onayli-tarife-asilmalidir\/"},"modified":"2023-12-28T09:48:00","modified_gmt":"2023-12-28T06:48:00","slug":"tukhak-hastaneler-kantinleri-turistik-mekanlar-degildir-bashekim-onayli-tarife-asilmalidir","status":"publish","type":"post","link":"https:\/\/haberkaradenizim.com\/index.php\/2023\/12\/28\/tukhak-hastaneler-kantinleri-turistik-mekanlar-degildir-bashekim-onayli-tarife-asilmalidir\/","title":{"rendered":"T\u00dcKHAK: Hastaneler Kantinleri Turistik Mek\u00e2nlar De\u011fildir! Ba\u015fhekim Onayl\u0131 Tarife As\u0131lmal\u0131d\u0131r!"},"content":{"rendered":"<div data-text-id=\"31005\" property=\"articleBody\">\n<div class=\"post-flash\"><a href=\"https:\/\/www.saglikpersonelihaber.net\/haberleri\" class=\"internal_link\" target=\"_blank\" title=\"\" rel=\"noopener\"><br \/>\n        <!--\n\n<h3 class=\"post-flash__title\">G&ouml;zden ka&ccedil;&#305;rmay&#305;n<\/h3>\n\n--><br \/>\n                <a href=\"https:\/\/www.saglikpersonelihaber.net\/il-saglik-muduru-dr-ahmet-kara-basin-toplantisinda-onemli-aciklamalarda-bulundu\" class=\"post-flash__content\" target=\"_self\" title=\"\u0130l Sa\u011fl\u0131k M\u00fcd\u00fcr\u00fc Dr. Ahmet Kara Bas\u0131n Toplant\u0131s\u0131nda \u00d6nemli A\u00e7\u0131klamalarda Bulundu!\" style=\"background-color: #1C38A6\" rel=\"noopener\"><br \/>\n            <img loading=\"lazy\" decoding=\"async\" src=\"https:\/\/saglikpersonelihabernet.teimg.com\/crop\/250x150\/saglikpersonelihaber-net\/uploads\/2023\/12\/osmaniye-il-saglik-muduru.jpg\" alt=\"\u0130l Sa\u011fl\u0131k M\u00fcd\u00fcr\u00fc Dr. Ahmet Kara Bas\u0131n Toplant\u0131s\u0131nda \u00d6nemli A\u00e7\u0131klamalarda Bulundu!\" width=\"231\" height=\"140\" class=\"content-paragraph-image\"\/><br \/>\n            <span class=\"post-flash__heading\"><br \/>\n                <span class=\"post-flash__h4\">\u0130l Sa\u011fl\u0131k M\u00fcd\u00fcr\u00fc Dr. Ahmet Kara Bas\u0131n Toplant\u0131s\u0131nda \u00d6nemli A\u00e7\u0131klamalarda Bulundu!<\/span><br \/>\n            <\/span><br \/>\n        <\/a>\n            <\/div>\n<p>Kantinlerin pahal\u0131 kiraland\u0131\u011f\u0131n\u0131 ve bu durumun fiyatlar\u0131n y\u00fcksek olmas\u0131na neden oldu\u011funu belirten Demirel, \u201cPeki, kantinleri pahal\u0131 kiralarken akl\u0131n\u0131za gelmedi mi fiyatlar\u0131n u\u00e7uk olaca\u011f\u0131?\u201d sorusunu y\u00f6neltti. Ayr\u0131ca, vatanda\u015flar\u0131n hastanelere sa\u011fl\u0131k bulmaya geldi\u011fini, a\u00e7l\u0131ktan bay\u0131lmaya de\u011fil, bu nedenle ba\u015fhekim onayl\u0131 tarife uygulanmas\u0131 gerekti\u011fini ifade etti.<\/p>\n<p>Hastane y\u00f6netimlerinin kantin kira bedellerini d\u00fc\u015f\u00fcrmeleri durumunda fiyatlar\u0131n da d\u00fc\u015fece\u011fine dikkat \u00e7eken Demirel, bu konuda a\u00e7 g\u00f6zl\u00fcl\u00fck yap\u0131lmamas\u0131 gerekti\u011fini belirtti.<\/p>\n<p>\u201cHastaneler turistik mek\u00e2nlar de\u011fildir\u201d ifadesini kullanan Demirel, hastanelerin kamusal hizmet sundu\u011funu ve kantinlerin vatanda\u015flara uygun fiyatlarla hizmet vermesi gerekti\u011fini vurgulad\u0131. Ayr\u0131ca, kantin ihalelerinin y\u00fcksek kira bedelleri nedeniyle vatanda\u015flar\u0131n ma\u011fdur oldu\u011funu ifade ederek, \u201c\u0130nsanlar\u0131 devlete d\u00fc\u015fman yapmak i\u00e7in mi kantin ihalelerinin kira bedellerini art\u0131r\u0131yorsunuz?\u201d sorusunu y\u00f6neltti.<\/p>\n<p>Sa\u011fl\u0131k Bakanl\u0131\u011f\u0131&#8217;n\u0131n 2011 y\u0131l\u0131nda yay\u0131nlad\u0131\u011f\u0131 bir genelgeyi hat\u0131rlatan Demirel, ba\u015fhekimlere fiyatlar\u0131n kontrol edilmesi ve \u00e7evredeki di\u011fer market ve d\u00fckk\u00e2nlarla kar\u015f\u0131la\u015ft\u0131r\u0131lmas\u0131n\u0131 istedi\u011fini belirtti. Demirel, bu konuda yap\u0131lan denetimlerin ve \u00f6nlemlerin art\u0131r\u0131lmas\u0131 gerekti\u011fini dile getirerek, hastanelerin vatanda\u015flar\u0131 ma\u011fdur etmemesi i\u00e7in gerekli d\u00fczenlemelerin bir an \u00f6nce hayata ge\u00e7irilmesi gerekti\u011fini belirtti.<\/p>\n<\/p><\/div>\n","protected":false},"excerpt":{"rendered":"<p>\u0130l Sa\u011fl\u0131k M\u00fcd\u00fcr\u00fc Dr. Ahmet Kara Bas\u0131n Toplant\u0131s\u0131nda \u00d6nemli A\u00e7\u0131klamalarda Bulundu! Kantinlerin pahal\u0131 kiraland\u0131\u011f\u0131n\u0131 ve<\/p>\n","protected":false},"author":1,"featured_media":2756,"comment_status":"open","ping_status":"open","sticky":false,"template":"","format":"standard","meta":{"footnotes":""},"categories":[27],"tags":[],"class_list":["post-2755","post","type-post","status-publish","format-standard","has-post-thumbnail","hentry","category-saglik"],"_links":{"self":[{"href":"https:\/\/haberkaradenizim.com\/index.php\/wp-json\/wp\/v2\/posts\/2755","targetHints":{"allow":["GET"]}}],"collection":[{"href":"https:\/\/haberkaradenizim.com\/index.php\/wp-json\/wp\/v2\/posts"}],"about":[{"href":"https:\/\/haberkaradenizim.com\/index.php\/wp-json\/wp\/v2\/types\/post"}],"author":[{"embeddable":true,"href":"https:\/\/haberkaradenizim.com\/index.php\/wp-json\/wp\/v2\/users\/1"}],"replies":[{"embeddable":true,"href":"https:\/\/haberkaradenizim.com\/index.php\/wp-json\/wp\/v2\/comments?post=2755"}],"version-history":[{"count":0,"href":"https:\/\/haberkaradenizim.com\/index.php\/wp-json\/wp\/v2\/posts\/2755\/revisions"}],"wp:featuredmedia":[{"embeddable":true,"href":"https:\/\/haberkaradenizim.com\/index.php\/wp-json\/wp\/v2\/media\/2756"}],"wp:attachment":[{"href":"https:\/\/haberkaradenizim.com\/index.php\/wp-json\/wp\/v2\/media?parent=2755"}],"wp:term":[{"taxonomy":"category","embeddable":true,"href":"https:\/\/haberkaradenizim.com\/index.php\/wp-json\/wp\/v2\/categories?post=2755"},{"taxonomy":"post_tag","embeddable":true,"href":"https:\/\/haberkaradenizim.com\/index.php\/wp-json\/wp\/v2\/tags?post=2755"}],"curies":[{"name":"wp","href":"https:\/\/api.w.org\/{rel}","templated":true}]}}