{"id":2753,"date":"2023-12-28T06:23:50","date_gmt":"2023-12-28T03:23:50","guid":{"rendered":"https:\/\/haberkaradenizim.com\/index.php\/2023\/12\/28\/everton-1-3-manchester-city-mac-sonucu-ozet-son-dakika-ingiltere-premier-lig-haberleri\/"},"modified":"2023-12-28T06:23:50","modified_gmt":"2023-12-28T03:23:50","slug":"everton-1-3-manchester-city-mac-sonucu-ozet-son-dakika-ingiltere-premier-lig-haberleri","status":"publish","type":"post","link":"https:\/\/haberkaradenizim.com\/index.php\/2023\/12\/28\/everton-1-3-manchester-city-mac-sonucu-ozet-son-dakika-ingiltere-premier-lig-haberleri\/","title":{"rendered":"Everton 1-3 Manchester City MA\u00c7 SONUCU \u00d6ZET &#8211; Son dakika \u0130ngiltere Premier Lig haberleri"},"content":{"rendered":"<p><<img decoding=\"async\" src=\"https:\/\/iaftm.tmgrup.com.tr\/e691e9\/622\/349\/0\/0\/800\/448?u=https:\/\/iftm.tmgrup.com.tr\/2023\/12\/28\/everton-1-3-manchester-city-mac-sonucu-ozet-1703714754133.jpeg\" \/><\/p>\n<div id=\"\">&#13;<br \/>\n&#13;<br \/>\n&#13;<\/p>\n<p><a href=\"https:\/\/www.fotomac.com.tr\/haberleri\/ingiltere-premier-lig?id=ad92fa1e-4fa9-478f-9008-aed0a2c13a1d\" class=\"\">\u0130ngiltere Premier Lig<\/a>&#8216;de heyecan devam ediyor. Ligde 19. hafta kar\u015f\u0131la\u015fmas\u0131nda <a href=\"https:\/\/www.fotomac.com.tr\/haberleri\/everton?id=ebb19cc0-25aa-4878-85c9-13c3cb5d9f91\" class=\"\">Everton<\/a> ile <a href=\"https:\/\/www.fotomac.com.tr\/haberleri\/manchester-city?id=c00f2f10-ae98-4042-b184-4ce74ed5656b\" class=\"\">Manchester City<\/a> kozlar\u0131n\u0131 payla\u015ft\u0131. Everton&#8217;un ev sahibi oldu\u011fu m\u00fccadeleden galip ayr\u0131lan taraf 3-1&#8217;lik skorla konuk ekip Manchester City oldu.<\/p>\n<p>&#13;<br \/>\n&#13;<\/p>\n<p>Kar\u015f\u0131la\u015fmada Manchester City&#8217;nin gollerini 53. dakikada <a href=\"https:\/\/www.fotomac.com.tr\/haberleri\/foden?id=64aaabfe-14a7-4929-a783-cf6068984137\" class=\"\">Foden<\/a>, 64&#8217;de <a href=\"https:\/\/www.fotomac.com.tr\/haberleri\/alvarez?id=d067e8c1-e431-467f-80ec-0ade26169486\" class=\"\">Alvarez<\/a> ve 86. dakikada <a href=\"https:\/\/www.fotomac.com.tr\/haberleri\/bernardo-silva?id=b18e674b-282a-4611-b13b-482587246382\" class=\"\">Bernardo Silva<\/a> kaydetti.<\/p>\n<p>&#13;<br \/>\n&#13;<\/p>\n<p>Ev sahibi Everton&#8217;un tek gol\u00fcn\u00fc ise 29. dakikada <a href=\"https:\/\/www.fotomac.com.tr\/haberleri\/harrison?id=0c327ca0-baa4-4d00-b802-de7751d9b1dd\" class=\"\">Harrison<\/a> att\u0131.<\/p>\n<p>&#13;<br \/>\n&#13;<\/p>\n<p>Kar\u015f\u0131la\u015fman\u0131n ard\u0131ndan Manchester City 37 puanla 4. s\u0131rada yer ald\u0131.<\/p>\n<p>&#13;<br \/>\n&#13;<\/p>\n<p>Everton ise 16 puanla 17. s\u0131rada bulunuyor.<\/p>\n<p>&#13;<br \/>\n&#13;<br \/>\n&#13;\n                <\/p><\/div>\n","protected":false},"excerpt":{"rendered":"","protected":false},"author":1,"featured_media":2754,"comment_status":"open","ping_status":"open","sticky":false,"template":"","format":"standard","meta":{"footnotes":""},"categories":[29],"tags":[],"class_list":["post-2753","post","type-post","status-publish","format-standard","has-post-thumbnail","hentry","category-spor"],"_links":{"self":[{"href":"https:\/\/haberkaradenizim.com\/index.php\/wp-json\/wp\/v2\/posts\/2753","targetHints":{"allow":["GET"]}}],"collection":[{"href":"https:\/\/haberkaradenizim.com\/index.php\/wp-json\/wp\/v2\/posts"}],"about":[{"href":"https:\/\/haberkaradenizim.com\/index.php\/wp-json\/wp\/v2\/types\/post"}],"author":[{"embeddable":true,"href":"https:\/\/haberkaradenizim.com\/index.php\/wp-json\/wp\/v2\/users\/1"}],"replies":[{"embeddable":true,"href":"https:\/\/haberkaradenizim.com\/index.php\/wp-json\/wp\/v2\/comments?post=2753"}],"version-history":[{"count":0,"href":"https:\/\/haberkaradenizim.com\/index.php\/wp-json\/wp\/v2\/posts\/2753\/revisions"}],"wp:featuredmedia":[{"embeddable":true,"href":"https:\/\/haberkaradenizim.com\/index.php\/wp-json\/wp\/v2\/media\/2754"}],"wp:attachment":[{"href":"https:\/\/haberkaradenizim.com\/index.php\/wp-json\/wp\/v2\/media?parent=2753"}],"wp:term":[{"taxonomy":"category","embeddable":true,"href":"https:\/\/haberkaradenizim.com\/index.php\/wp-json\/wp\/v2\/categories?post=2753"},{"taxonomy":"post_tag","embeddable":true,"href":"https:\/\/haberkaradenizim.com\/index.php\/wp-json\/wp\/v2\/tags?post=2753"}],"curies":[{"name":"wp","href":"https:\/\/api.w.org\/{rel}","templated":true}]}}