{"id":2747,"date":"2023-12-27T10:25:00","date_gmt":"2023-12-27T07:25:00","guid":{"rendered":"https:\/\/haberkaradenizim.com\/index.php\/2023\/12\/27\/bicaklandigi-icin-hastaneye-kaldirilan-genc-hastanede-tekrar-bicaklandi\/"},"modified":"2023-12-27T10:25:00","modified_gmt":"2023-12-27T07:25:00","slug":"bicaklandigi-icin-hastaneye-kaldirilan-genc-hastanede-tekrar-bicaklandi","status":"publish","type":"post","link":"https:\/\/haberkaradenizim.com\/index.php\/2023\/12\/27\/bicaklandigi-icin-hastaneye-kaldirilan-genc-hastanede-tekrar-bicaklandi\/","title":{"rendered":"B\u0131\u00e7akland\u0131\u011f\u0131 \u0130\u00e7in Hastaneye Kald\u0131r\u0131lan Gen\u00e7, Hastanede Tekrar B\u0131\u00e7akland\u0131!"},"content":{"rendered":"<div data-text-id=\"30969\" property=\"articleBody\">\n<p><a href=\"https:\/\/www.saglikpersonelihaber.net\/haberleri\" class=\"internal_link\" target=\"_blank\" title=\"\" rel=\"noopener\">Gece saatlerinde Konak il\u00e7esinde A.\u00d6. (29) ile husumetli oldu\u011fu ki\u015fi veya ki\u015filer aras\u0131nda hen\u00fcz belirlenemeyen bir sebep nedeniyle b\u0131\u00e7akl\u0131 kavga \u00e7\u0131kt\u0131. Taraflar aras\u0131nda meydana gelen \u00e7at\u0131\u015fmada A.\u00d6., yak\u0131nlar\u0131 taraf\u0131ndan Tepecik E\u011fitim ve Ara\u015ft\u0131rma Hastanesine getirildi. Yaral\u0131 gen\u00e7, Travma B\u00f6l\u00fcm\u00fc&#8217;nde tedavi alt\u0131na al\u0131n\u0131rken, hastaneye motosikletle gelen 2 husumetlisinden birisi i\u00e7eriye girdi.<\/p>\n<p><strong>Hastanede Tekrar B\u0131\u00e7akland\u0131<\/strong><\/p>\n<div class=\"post-flash\">\n        <!--\n\n<h3 class=\"post-flash__title\">G&ouml;zden ka&ccedil;&#305;rmay&#305;n<\/h3>\n\n--><br \/>\n                <a href=\"https:\/\/www.saglikpersonelihaber.net\/dogumda-bebegini-kaybetti-il-saglik-mudurlugu-sorusturma-baslatti\" class=\"post-flash__content\" target=\"_self\" title=\"Do\u011fumda Bebe\u011fini Kaybetti, \u0130l Sa\u011fl\u0131k M\u00fcd\u00fcrl\u00fc\u011f\u00fc Soru\u015fturma Ba\u015flatt\u0131!\" style=\"background-color: #1C38A6\" rel=\"noopener\"><br \/>\n            <img loading=\"lazy\" decoding=\"async\" src=\"https:\/\/saglikpersonelihabernet.teimg.com\/crop\/250x150\/saglikpersonelihaber-net\/uploads\/2023\/12\/sorusturma-1.jpg\" alt=\"Do\u011fumda Bebe\u011fini Kaybetti, \u0130l Sa\u011fl\u0131k M\u00fcd\u00fcrl\u00fc\u011f\u00fc Soru\u015fturma Ba\u015flatt\u0131!\" width=\"231\" height=\"140\" class=\"content-paragraph-image\"\/><br \/>\n            <span class=\"post-flash__heading\"><br \/>\n                <span class=\"post-flash__h4\">Do\u011fumda Bebe\u011fini Kaybetti, \u0130l Sa\u011fl\u0131k M\u00fcd\u00fcrl\u00fc\u011f\u00fc Soru\u015fturma Ba\u015flatt\u0131!<\/span><br \/>\n            <\/span><br \/>\n        <\/a>\n            <\/div>\n<p>Sa\u011fl\u0131k \u00e7al\u0131\u015fanlar\u0131 ve hastalar\u0131n bulundu\u011fu hastane ortam\u0131nda ger\u00e7ekle\u015fen ikinci sald\u0131r\u0131da, \u015f\u00fcpheli \u00fczerindeki b\u0131\u00e7akla A.\u00d6.&#8217;ye sald\u0131rd\u0131. Bu s\u0131rada sa\u011fl\u0131k \u00e7al\u0131\u015fanlar\u0131 ve hastalar korku i\u00e7inde sa\u011fa sola ka\u00e7\u0131\u015ft\u0131. Olay\u0131n ard\u0131ndan \u015f\u00fcphelilerden biri motosikletle di\u011feri ise yaya olarak h\u0131zla hastaneden ka\u00e7arak olay yerinden uzakla\u015ft\u0131.<\/p>\n<p>A.\u00d6.&#8217;n\u00fcn hayati tehlikesinin olmad\u0131\u011f\u0131 \u00f6\u011frenilirken, polis b\u0131\u00e7akl\u0131 sald\u0131rgan\u0131 k\u0131sa s\u00fcrede yakalad\u0131. Di\u011fer ka\u00e7an \u015fahs\u0131n yakalanmas\u0131 i\u00e7in \u00e7al\u0131\u015fmalar devam ediyor. Olayla ilgili detayl\u0131 bir soru\u015fturma ba\u015flat\u0131ld\u0131.<\/p>\n<\/p><\/div>\n","protected":false},"excerpt":{"rendered":"<p>Gece saatlerinde Konak il\u00e7esinde A.\u00d6. (29) ile husumetli oldu\u011fu ki\u015fi veya ki\u015filer aras\u0131nda hen\u00fcz belirlenemeyen<\/p>\n","protected":false},"author":1,"featured_media":2748,"comment_status":"open","ping_status":"open","sticky":false,"template":"","format":"standard","meta":{"footnotes":""},"categories":[27],"tags":[],"class_list":["post-2747","post","type-post","status-publish","format-standard","has-post-thumbnail","hentry","category-saglik"],"_links":{"self":[{"href":"https:\/\/haberkaradenizim.com\/index.php\/wp-json\/wp\/v2\/posts\/2747","targetHints":{"allow":["GET"]}}],"collection":[{"href":"https:\/\/haberkaradenizim.com\/index.php\/wp-json\/wp\/v2\/posts"}],"about":[{"href":"https:\/\/haberkaradenizim.com\/index.php\/wp-json\/wp\/v2\/types\/post"}],"author":[{"embeddable":true,"href":"https:\/\/haberkaradenizim.com\/index.php\/wp-json\/wp\/v2\/users\/1"}],"replies":[{"embeddable":true,"href":"https:\/\/haberkaradenizim.com\/index.php\/wp-json\/wp\/v2\/comments?post=2747"}],"version-history":[{"count":0,"href":"https:\/\/haberkaradenizim.com\/index.php\/wp-json\/wp\/v2\/posts\/2747\/revisions"}],"wp:featuredmedia":[{"embeddable":true,"href":"https:\/\/haberkaradenizim.com\/index.php\/wp-json\/wp\/v2\/media\/2748"}],"wp:attachment":[{"href":"https:\/\/haberkaradenizim.com\/index.php\/wp-json\/wp\/v2\/media?parent=2747"}],"wp:term":[{"taxonomy":"category","embeddable":true,"href":"https:\/\/haberkaradenizim.com\/index.php\/wp-json\/wp\/v2\/categories?post=2747"},{"taxonomy":"post_tag","embeddable":true,"href":"https:\/\/haberkaradenizim.com\/index.php\/wp-json\/wp\/v2\/tags?post=2747"}],"curies":[{"name":"wp","href":"https:\/\/api.w.org\/{rel}","templated":true}]}}