{"id":2743,"date":"2023-12-26T21:47:00","date_gmt":"2023-12-26T18:47:00","guid":{"rendered":"https:\/\/haberkaradenizim.com\/index.php\/2023\/12\/26\/kirsehir-milletvekilinden-bakan-kocaya-tesekkur-ziyareti\/"},"modified":"2023-12-26T21:47:00","modified_gmt":"2023-12-26T18:47:00","slug":"kirsehir-milletvekilinden-bakan-kocaya-tesekkur-ziyareti","status":"publish","type":"post","link":"https:\/\/haberkaradenizim.com\/index.php\/2023\/12\/26\/kirsehir-milletvekilinden-bakan-kocaya-tesekkur-ziyareti\/","title":{"rendered":"K\u0131r\u015fehir Milletvekili\u2019nden Bakan Koca&#8217;ya Te\u015fekk\u00fcr Ziyareti!"},"content":{"rendered":"<div data-text-id=\"30963\" property=\"articleBody\">\n<div class=\"post-flash\"><a href=\"https:\/\/www.saglikpersonelihaber.net\/haberleri\" class=\"internal_link\" target=\"_blank\" title=\"\" rel=\"noopener\"><br \/>\n        <!--\n\n<h3 class=\"post-flash__title\">G&ouml;zden ka&ccedil;&#305;rmay&#305;n<\/h3>\n\n--><br \/>\n                <a href=\"https:\/\/www.saglikpersonelihaber.net\/bashekim-dunya-tesekkur-gununde-saglik-calisanlarini-unutmadi\" class=\"post-flash__content\" target=\"_self\" title=\"Ba\u015fhekim D\u00fcnya Te\u015fekk\u00fcr G\u00fcn\u00fcnde Sa\u011fl\u0131k \u00c7al\u0131\u015fanlar\u0131n\u0131 Unutmad\u0131!\" style=\"background-color: #A61C1E\" rel=\"noopener\"><br \/>\n            <img loading=\"lazy\" decoding=\"async\" src=\"https:\/\/saglikpersonelihabernet.teimg.com\/crop\/250x150\/saglikpersonelihaber-net\/uploads\/2023\/12\/tesekkur-gunu.jpg\" alt=\"Ba\u015fhekim D\u00fcnya Te\u015fekk\u00fcr G\u00fcn\u00fcnde Sa\u011fl\u0131k \u00c7al\u0131\u015fanlar\u0131n\u0131 Unutmad\u0131!\" width=\"231\" height=\"140\" class=\"content-paragraph-image\"\/><br \/>\n            <span class=\"post-flash__heading\"><br \/>\n                <span class=\"post-flash__h4\">Ba\u015fhekim D\u00fcnya Te\u015fekk\u00fcr G\u00fcn\u00fcnde Sa\u011fl\u0131k \u00c7al\u0131\u015fanlar\u0131n\u0131 Unutmad\u0131!<\/span><br \/>\n            <\/span><br \/>\n        <\/a>\n            <\/div>\n<p>Milletvekili Erkan, ziyaretle ilgili yapt\u0131\u011f\u0131 a\u00e7\u0131klamada, &#8220;Say\u0131n Bakan\u0131m\u0131z\u0131n tevecc\u00fchleri ile \u015fehrimize atamas\u0131 yap\u0131lan 13 hekim ve bu hafta teslim edilecek tam donan\u0131ml\u0131 bir ambulans i\u00e7in kendilerine bir kez daha te\u015fekk\u00fcr ediyorum&#8221; dedi. Sa\u011fl\u0131k Bakan\u0131 Fahrettin Koca ise ziyaret s\u0131ras\u0131nda T\u00fcrkiye genelinde sa\u011fl\u0131k sorunlar\u0131n\u0131n \u00e7\u00f6z\u00fcm\u00fc i\u00e7in ellerinden geleni yapt\u0131klar\u0131n\u0131 ifade ederek, K\u0131r\u015fehir&#8217;e g\u00f6nderilen tam donan\u0131ml\u0131 ambulans\u0131n hay\u0131rl\u0131 olmas\u0131n\u0131 diledi. Bakan Koca, 13 doktorun da K\u0131r\u015fehir&#8217;deki doktor ihtiyac\u0131n\u0131 kar\u015f\u0131lamada \u00f6nemli bir rol oynayaca\u011f\u0131na inand\u0131\u011f\u0131n\u0131 belirtti.<\/p>\n<\/p><\/div>\n","protected":false},"excerpt":{"rendered":"<p>Ba\u015fhekim D\u00fcnya Te\u015fekk\u00fcr G\u00fcn\u00fcnde Sa\u011fl\u0131k \u00c7al\u0131\u015fanlar\u0131n\u0131 Unutmad\u0131! Milletvekili Erkan, ziyaretle ilgili yapt\u0131\u011f\u0131 a\u00e7\u0131klamada, &#8220;Say\u0131n Bakan\u0131m\u0131z\u0131n<\/p>\n","protected":false},"author":1,"featured_media":2744,"comment_status":"open","ping_status":"open","sticky":false,"template":"","format":"standard","meta":{"footnotes":""},"categories":[27],"tags":[],"class_list":["post-2743","post","type-post","status-publish","format-standard","has-post-thumbnail","hentry","category-saglik"],"_links":{"self":[{"href":"https:\/\/haberkaradenizim.com\/index.php\/wp-json\/wp\/v2\/posts\/2743","targetHints":{"allow":["GET"]}}],"collection":[{"href":"https:\/\/haberkaradenizim.com\/index.php\/wp-json\/wp\/v2\/posts"}],"about":[{"href":"https:\/\/haberkaradenizim.com\/index.php\/wp-json\/wp\/v2\/types\/post"}],"author":[{"embeddable":true,"href":"https:\/\/haberkaradenizim.com\/index.php\/wp-json\/wp\/v2\/users\/1"}],"replies":[{"embeddable":true,"href":"https:\/\/haberkaradenizim.com\/index.php\/wp-json\/wp\/v2\/comments?post=2743"}],"version-history":[{"count":0,"href":"https:\/\/haberkaradenizim.com\/index.php\/wp-json\/wp\/v2\/posts\/2743\/revisions"}],"wp:featuredmedia":[{"embeddable":true,"href":"https:\/\/haberkaradenizim.com\/index.php\/wp-json\/wp\/v2\/media\/2744"}],"wp:attachment":[{"href":"https:\/\/haberkaradenizim.com\/index.php\/wp-json\/wp\/v2\/media?parent=2743"}],"wp:term":[{"taxonomy":"category","embeddable":true,"href":"https:\/\/haberkaradenizim.com\/index.php\/wp-json\/wp\/v2\/categories?post=2743"},{"taxonomy":"post_tag","embeddable":true,"href":"https:\/\/haberkaradenizim.com\/index.php\/wp-json\/wp\/v2\/tags?post=2743"}],"curies":[{"name":"wp","href":"https:\/\/api.w.org\/{rel}","templated":true}]}}