{"id":2741,"date":"2023-12-26T18:03:43","date_gmt":"2023-12-26T15:03:43","guid":{"rendered":"https:\/\/haberkaradenizim.com\/index.php\/2023\/12\/26\/trendyol-1-ligde-18-19-ve-20-hafta-programi-aciklandi-son-dakika-tff-1-lig-haberleri\/"},"modified":"2023-12-26T18:03:43","modified_gmt":"2023-12-26T15:03:43","slug":"trendyol-1-ligde-18-19-ve-20-hafta-programi-aciklandi-son-dakika-tff-1-lig-haberleri","status":"publish","type":"post","link":"https:\/\/haberkaradenizim.com\/index.php\/2023\/12\/26\/trendyol-1-ligde-18-19-ve-20-hafta-programi-aciklandi-son-dakika-tff-1-lig-haberleri\/","title":{"rendered":"Trendyol 1. Lig\u2019de 18, 19 ve 20. hafta program\u0131 a\u00e7\u0131kland\u0131 &#8211; Son dakika TFF 1.Lig haberleri"},"content":{"rendered":"<p><<img decoding=\"async\" src=\"https:\/\/iaftm.tmgrup.com.tr\/5b37e6\/622\/349\/0\/0\/2048\/1147?u=https:\/\/iftm.tmgrup.com.tr\/2023\/12\/26\/trendyol-1-ligde-18-19-ve-20-hafta-programi-aciklandi-1703600267921.jpg\" \/><\/p>\n<div id=\"\">&#13;<br \/>\n&#13;<br \/>\n&#13;<\/p>\n<p><a href=\"https:\/\/www.fotomac.com.tr\/haberleri\/trendyol-1?id=0b666ba9-f2c9-44a2-861f-b8c07656da1d\" class=\"\">Trendyol 1<\/a>. Lig&#8217;de 18, 19 ve 20. hafta m\u00fcsabakalar\u0131n\u0131n ma\u00e7 program\u0131 belli oldu.&#13;\n<\/p>\n<p>T\u00fcrkiye Futbol Federasyonundan yap\u0131lan a\u00e7\u0131klamaya g\u00f6re 1. Lig&#8217;de 18, 19 ve 20. haftalar\u0131n program\u0131 a\u00e7\u0131kland\u0131.<\/p>\n<p>&#13;<\/p>\n<p><strong>1. L\u0130G&#8217;DE 3 HAFTALIK PROGRAM \u015e\u00d6YLE:<\/strong>&#13;\n<\/p>\n<p><strong>18. HAFTA<\/strong><\/p>\n<p>&#13;<\/p>\n<p>12 Ocak Cuma<\/p>\n<p>&#13;<\/p>\n<p>20.00 <a href=\"https:\/\/www.fotomac.com.tr\/haberleri\/sakaryaspor?id=f97cc8d3-5de9-4e9d-8405-eb9dcdce55eb\" class=\"\">Sakaryaspor<\/a>&#8211;<a href=\"https:\/\/www.fotomac.com.tr\/haberleri\/goztepe?id=4e112b09-05fb-4161-adda-8289974154fe\" class=\"\">G\u00f6ztepe<\/a><\/p>\n<p>&#13;<\/p>\n<p>13 Ocak Cumartesi<\/p>\n<p>&#13;<\/p>\n<p>13.30 <a href=\"https:\/\/www.fotomac.com.tr\/haberleri\/bandirmaspor?id=ca3ff742-744f-46b2-b714-7b44b6ae844d\" class=\"\">Band\u0131rmaspor<\/a> &#8211; <a href=\"https:\/\/www.fotomac.com.tr\/haberleri\/erzurumspor-fk?id=5ca1485f-1342-4494-b866-3a49fe078f06\" class=\"\">Erzurumspor FK<\/a><\/p>\n<p>&#13;<\/p>\n<p>13.30 <a href=\"https:\/\/www.fotomac.com.tr\/haberleri\/bodrum-fk?id=80b7a3be-3993-4af7-9ecd-50bbc3112024\" class=\"\">Bodrum FK<\/a> &#8211; <a href=\"https:\/\/www.fotomac.com.tr\/haberleri\/giresunspor?id=a16b7b3e-49a3-4a67-9ae0-206c90ecae14\" class=\"\">Giresunspor<\/a><\/p>\n<p>&#13;<\/p>\n<p>16.00 <a href=\"https:\/\/www.fotomac.com.tr\/haberleri\/adanaspor?id=81b8c5f1-9148-4234-96ff-5abdaf356245\" class=\"\">Adanaspor<\/a>&#8211;<a href=\"https:\/\/www.fotomac.com.tr\/haberleri\/boluspor?id=48bfa66a-6cb8-495e-a4cd-c2ca5ad74201\" class=\"\">Boluspor<\/a><\/p>\n<p>&#13;<\/p>\n<p>19.00 Ey\u00fcpspor &#8211; <a href=\"https:\/\/www.fotomac.com.tr\/haberleri\/ankara-keciorengucu?id=2f77a825-4c85-4c67-a783-bdca59ffa23f\" class=\"\">Ankara Ke\u00e7i\u00f6reng\u00fcc\u00fc<\/a><\/p>\n<p>&#13;<\/p>\n<p>14 Ocak Pazar<\/p>\n<p>&#13;<\/p>\n<p>13.30 <a href=\"https:\/\/www.fotomac.com.tr\/haberleri\/manisa-fk?id=d43c1fcd-31a2-479e-895d-7b14f29095c4\" class=\"\">Manisa FK<\/a> &#8211; <a href=\"https:\/\/www.fotomac.com.tr\/haberleri\/kocaelispor?id=8ebe5d84-50a9-4f28-ac04-232f706fd369\" class=\"\">Kocaelispor<\/a><\/p>\n<p>&#13;<\/p>\n<p>16.00 <a href=\"https:\/\/www.fotomac.com.tr\/haberleri\/corum-fk?id=bfde3d3b-d3ed-4535-ba65-141d4f0e2bc3\" class=\"\">\u00c7orum FK<\/a> &#8211; Tuzlaspor<\/p>\n<p>&#13;<\/p>\n<p>19.00 <a href=\"https:\/\/www.fotomac.com.tr\/haberleri\/umraniyespor?id=588171c2-1247-4f03-8821-00f198965017\" class=\"\">\u00dcmraniyespor<\/a> &#8211; Gen\u00e7lerbirli\u011fi<\/p>\n<p>&#13;<\/p>\n<p>15 Ocak Pazartesi<\/p>\n<p>&#13;<\/p>\n<p>20.00 Altay &#8211; \u015eanl\u0131urfaspor<\/p>\n<p>&#13;<\/p>\n<p><strong>19.HAFTA<\/strong><\/p>\n<p>&#13;<\/p>\n<p>19 Ocak Cuma<\/p>\n<p>&#13;<\/p>\n<p>20.00 Giresunspor &#8211; \u00c7orum FK<\/p>\n<p>&#13;<\/p>\n<p>20 Ocak Cumartesi<\/p>\n<p>&#13;<\/p>\n<p>13.30 Erzurumspor FK &#8211; Bodrum FK<\/p>\n<p>&#13;<\/p>\n<p>16.00 Boluspor &#8211; Band\u0131rmaspor<\/p>\n<p>&#13;<\/p>\n<p>19.00 Kocaelispor &#8211; Ey\u00fcpspor<\/p>\n<p>&#13;<\/p>\n<p>21 Ocak Pazar<\/p>\n<p>&#13;<\/p>\n<p>13.30 Tuzlaspor &#8211; Altay<\/p>\n<p>&#13;<\/p>\n<p>13.30 Ankara Ke\u00e7i\u00f6reng\u00fcc\u00fc &#8211; Manisa FK<\/p>\n<p>&#13;<\/p>\n<p>16.00 \u015eanl\u0131urfaspor &#8211; Adanaspor<\/p>\n<p>&#13;<\/p>\n<p>19.00 Gen\u00e7lerbirli\u011fi &#8211; Sakaryaspor<\/p>\n<p>&#13;<\/p>\n<p>22 Ocak Pazartesi<\/p>\n<p>&#13;<\/p>\n<p>20.00 G\u00f6ztepe &#8211; \u00dcmraniyespor<\/p>\n<p>&#13;<\/p>\n<p><strong>20. HAFTA<\/strong><\/p>\n<p>&#13;<\/p>\n<p>26 Ocak Cuma<\/p>\n<p>&#13;<\/p>\n<p>20.00 Adanaspor &#8211; Ankara Ke\u00e7i\u00f6reng\u00fcc\u00fc<\/p>\n<p>&#13;<\/p>\n<p>27 Ocak Cumartesi:<\/p>\n<p>&#13;<\/p>\n<p>13.30 Manisa FK &#8211; Erzurum FK<\/p>\n<p>&#13;<\/p>\n<p>16.00 \u00c7orum FK &#8211; G\u00f6ztepe<\/p>\n<p>&#13;<\/p>\n<p>19.00 Ey\u00fcpspor &#8211; Tuzlaspor<\/p>\n<p>&#13;<\/p>\n<p>28 Ocak Pazar<\/p>\n<p>&#13;<\/p>\n<p>13.30 Bodrumspor FK &#8211; Gen\u00e7lerbirli\u011fi<\/p>\n<p>&#13;<\/p>\n<p>13.30 Band\u0131rmaspor &#8211; Giresunspor<\/p>\n<p>&#13;<\/p>\n<p>16.00 \u00dcmraniyespor &#8211; Sakaryaspor<\/p>\n<p>&#13;<\/p>\n<p>19.00 Altay &#8211; Kocaelispor<\/p>\n<p>&#13;<\/p>\n<p>29 Ocak Pazartesi:<\/p>\n<p>&#13;<\/p>\n<p>20.00 \u015eanl\u0131urfaspor &#8211; Boluspor<\/p>\n<p>&#13;<br \/>\n&#13;<br \/>\n&#13;\n                <\/p><\/div>\n","protected":false},"excerpt":{"rendered":"","protected":false},"author":1,"featured_media":2742,"comment_status":"open","ping_status":"open","sticky":false,"template":"","format":"standard","meta":{"footnotes":""},"categories":[29],"tags":[],"class_list":["post-2741","post","type-post","status-publish","format-standard","has-post-thumbnail","hentry","category-spor"],"_links":{"self":[{"href":"https:\/\/haberkaradenizim.com\/index.php\/wp-json\/wp\/v2\/posts\/2741","targetHints":{"allow":["GET"]}}],"collection":[{"href":"https:\/\/haberkaradenizim.com\/index.php\/wp-json\/wp\/v2\/posts"}],"about":[{"href":"https:\/\/haberkaradenizim.com\/index.php\/wp-json\/wp\/v2\/types\/post"}],"author":[{"embeddable":true,"href":"https:\/\/haberkaradenizim.com\/index.php\/wp-json\/wp\/v2\/users\/1"}],"replies":[{"embeddable":true,"href":"https:\/\/haberkaradenizim.com\/index.php\/wp-json\/wp\/v2\/comments?post=2741"}],"version-history":[{"count":0,"href":"https:\/\/haberkaradenizim.com\/index.php\/wp-json\/wp\/v2\/posts\/2741\/revisions"}],"wp:featuredmedia":[{"embeddable":true,"href":"https:\/\/haberkaradenizim.com\/index.php\/wp-json\/wp\/v2\/media\/2742"}],"wp:attachment":[{"href":"https:\/\/haberkaradenizim.com\/index.php\/wp-json\/wp\/v2\/media?parent=2741"}],"wp:term":[{"taxonomy":"category","embeddable":true,"href":"https:\/\/haberkaradenizim.com\/index.php\/wp-json\/wp\/v2\/categories?post=2741"},{"taxonomy":"post_tag","embeddable":true,"href":"https:\/\/haberkaradenizim.com\/index.php\/wp-json\/wp\/v2\/tags?post=2741"}],"curies":[{"name":"wp","href":"https:\/\/api.w.org\/{rel}","templated":true}]}}