{"id":2733,"date":"2023-12-25T17:42:12","date_gmt":"2023-12-25T14:42:12","guid":{"rendered":"https:\/\/haberkaradenizim.com\/index.php\/2023\/12\/25\/galatasarayda-okan-buruktan-super-kupa-sozleri-son-dakika-galatasaray-haberleri\/"},"modified":"2023-12-25T17:42:12","modified_gmt":"2023-12-25T14:42:12","slug":"galatasarayda-okan-buruktan-super-kupa-sozleri-son-dakika-galatasaray-haberleri","status":"publish","type":"post","link":"https:\/\/haberkaradenizim.com\/index.php\/2023\/12\/25\/galatasarayda-okan-buruktan-super-kupa-sozleri-son-dakika-galatasaray-haberleri\/","title":{"rendered":"Galatasaray\u2019da Okan Buruk\u2019tan S\u00fcper Kupa s\u00f6zleri! &#8211; Son dakika Galatasaray haberleri"},"content":{"rendered":"<p><<img decoding=\"async\" src=\"https:\/\/iaftm.tmgrup.com.tr\/b0c567\/622\/349\/0\/36\/1200\/709?u=https:\/\/iftm.tmgrup.com.tr\/2023\/12\/25\/galatasarayda-okan-buruktan-super-kupa-sozleri-1703514097728.jpeg\" \/><\/p>\n<div id=\"\">&#13;<br \/>\n&#13;<br \/>\n&#13;<\/p>\n<p><a href=\"https:\/\/www.fotomac.com.tr\/haberleri\/galatasaray?id=7f09f678-d15c-4176-9e83-4dac7890c57b\" class=\"\">Galatasaray<\/a> Teknik Direkt\u00f6r\u00fc <a href=\"https:\/\/www.fotomac.com.tr\/haberleri\/okan-buruk?id=bc99d060-56a9-46cc-af2d-2d9d5cab108f\" class=\"\">Okan Buruk<\/a>, <a href=\"https:\/\/www.fotomac.com.tr\/haberleri\/turkuvaz-medya-spor-zirvesi?id=b5a594e6-12cb-4a34-b9b8-0f9bfdf3f25a\" class=\"\">Turkuvaz Medya Spor Zirvesi<\/a>&#8216;nde Fotoma\u00e7&#8217;a \u00f6zel a\u00e7\u0131klamalarda bulundu.&#13;\n<\/p>\n<p><a href=\"https:\/\/www.fotomac.com.tr\/haberleri\/super-kupa?id=67301662-4624-4e33-ad7e-06c0e79b4e37\" class=\"\">S\u00fcper Kupa<\/a> finalinde <a href=\"https:\/\/www.fotomac.com.tr\/haberleri\/fenerbahce?id=65439000-410e-4c14-94da-0622ac043911\" class=\"\">Fenerbah\u00e7e<\/a> ile oynacaklar\u0131 ma\u00e7 hakk\u0131nda konu\u015fan Buruk, &#8220;Oyuncular\u0131m\u0131z\u0131 haz\u0131rlay\u0131p iyi motive edip Galatasaray m\u00fczesine bir kupa daha g\u00f6t\u00fcrmek istiyoruz&#8221; ifadelerini kulland\u0131.<\/p>\n<p>&#13;<\/p>\n<p><iframe loading=\"lazy\" title=\"Okan Buruk: &quot;Galatasaray M\u00fczesi&#039;ne Bir Kupa Daha G\u00f6t\u00fcrmek \u0130stiyoruz!&quot;\" width=\"640\" height=\"360\" src=\"https:\/\/www.youtube.com\/embed\/zxbJE6q6rIQ?feature=oembed\" frameborder=\"0\" allow=\"accelerometer; autoplay; clipboard-write; encrypted-media; gyroscope; picture-in-picture; web-share\" referrerpolicy=\"strict-origin-when-cross-origin\" allowfullscreen><\/iframe><\/p>\n<p>&#13;<\/p>\n<div class=\"membrana-content\"\/>&#13;<br \/>\n&#13;<\/p>\n<div class=\"pure-txtlink\"><\/div>\n<p>&#13;<br \/>\n&#13;\n                <\/p><\/div>\n","protected":false},"excerpt":{"rendered":"","protected":false},"author":1,"featured_media":2734,"comment_status":"open","ping_status":"open","sticky":false,"template":"","format":"standard","meta":{"footnotes":""},"categories":[29],"tags":[],"class_list":["post-2733","post","type-post","status-publish","format-standard","has-post-thumbnail","hentry","category-spor"],"_links":{"self":[{"href":"https:\/\/haberkaradenizim.com\/index.php\/wp-json\/wp\/v2\/posts\/2733","targetHints":{"allow":["GET"]}}],"collection":[{"href":"https:\/\/haberkaradenizim.com\/index.php\/wp-json\/wp\/v2\/posts"}],"about":[{"href":"https:\/\/haberkaradenizim.com\/index.php\/wp-json\/wp\/v2\/types\/post"}],"author":[{"embeddable":true,"href":"https:\/\/haberkaradenizim.com\/index.php\/wp-json\/wp\/v2\/users\/1"}],"replies":[{"embeddable":true,"href":"https:\/\/haberkaradenizim.com\/index.php\/wp-json\/wp\/v2\/comments?post=2733"}],"version-history":[{"count":0,"href":"https:\/\/haberkaradenizim.com\/index.php\/wp-json\/wp\/v2\/posts\/2733\/revisions"}],"wp:featuredmedia":[{"embeddable":true,"href":"https:\/\/haberkaradenizim.com\/index.php\/wp-json\/wp\/v2\/media\/2734"}],"wp:attachment":[{"href":"https:\/\/haberkaradenizim.com\/index.php\/wp-json\/wp\/v2\/media?parent=2733"}],"wp:term":[{"taxonomy":"category","embeddable":true,"href":"https:\/\/haberkaradenizim.com\/index.php\/wp-json\/wp\/v2\/categories?post=2733"},{"taxonomy":"post_tag","embeddable":true,"href":"https:\/\/haberkaradenizim.com\/index.php\/wp-json\/wp\/v2\/tags?post=2733"}],"curies":[{"name":"wp","href":"https:\/\/api.w.org\/{rel}","templated":true}]}}