{"id":2729,"date":"2023-12-25T05:30:27","date_gmt":"2023-12-25T02:30:27","guid":{"rendered":"https:\/\/haberkaradenizim.com\/index.php\/2023\/12\/25\/edin-dzekodan-flas-icardi-ve-galatasaray-paylasimi-son-dakika-fenerbahce-haberleri\/"},"modified":"2023-12-25T05:30:27","modified_gmt":"2023-12-25T02:30:27","slug":"edin-dzekodan-flas-icardi-ve-galatasaray-paylasimi-son-dakika-fenerbahce-haberleri","status":"publish","type":"post","link":"https:\/\/haberkaradenizim.com\/index.php\/2023\/12\/25\/edin-dzekodan-flas-icardi-ve-galatasaray-paylasimi-son-dakika-fenerbahce-haberleri\/","title":{"rendered":"Edin Dzeko\u2019dan fla\u015f Icardi ve Galatasaray payla\u015f\u0131m\u0131! &#8211; Son dakika Fenerbah\u00e7e haberleri"},"content":{"rendered":"<p><\n\n<div id=\"\">&#13;<br \/>\n&#13;<br \/>\n&#13;<\/p>\n<p>Trendyol S\u00fcper Lig&#8217;in 18. haftas\u0131nda <a href=\"https:\/\/www.fotomac.com.tr\/haberleri\/fenerbahce?id=65439000-410e-4c14-94da-0622ac043911\" class=\"\">Fenerbah\u00e7e<\/a>&#8216;nin Kad\u0131k\u00f6y&#8217;de  <a href=\"https:\/\/www.fotomac.com.tr\/haberleri\/galatasaray?id=7f09f678-d15c-4176-9e83-4dac7890c57b\" class=\"\">Galatasaray<\/a>&#8216;la oynad\u0131\u011f\u0131 dev derbi 0-0 beraberlikle sonu\u00e7land\u0131.<\/p>\n<p>&#13;<br \/>\n&#13;<\/p>\n<p>Derbide ya\u015fanan pozisyonlarla ilgili ma\u00e7 sonras\u0131 iki tak\u0131mdan da art arda a\u00e7\u0131klamalar geldi.<\/p>\n<p>&#13;<br \/>\n&#13;<\/p>\n<p>Fenerbah\u00e7e&#8217;nin y\u0131ld\u0131z ismi <a href=\"https:\/\/www.fotomac.com.tr\/haberleri\/edin-dzeko?id=8d28360f-f739-41c4-9fbd-6cc30fa8811a\" class=\"\">Edin Dzeko<\/a> da bu isimler aras\u0131nda yer ald\u0131. Dzeko, sar\u0131 k\u0131rm\u0131z\u0131l\u0131 ekibin Icardi g\u00f6rselli payla\u015f\u0131m\u0131na tepki g\u00f6sterdi.<\/p>\n<p>&#13;<br \/>\n&#13;<\/p>\n<p><strong>&#8220;PENALTI \u0130\u00c7\u0130N A\u011eLADILAR&#8221;<\/strong><\/p>\n<p>&#13;<br \/>\n&#13;<\/p>\n<p>Dzeko, instagram hesab\u0131ndan yapt\u0131\u011f\u0131 payla\u015f\u0131mda &#8220;Adam kafas\u0131n\u0131 dire\u011fe vurdu ve onu instagram&#8217;a koyup penalt\u0131 i\u00e7in a\u011flad\u0131lar. Onlar\u0131n tipik davran\u0131\u015f\u0131. Utan\u00e7 verici&#8221; ifadelerini kulland\u0131.<\/p>\n<p>&#13;<br \/>\n&#13;<\/p>\n<p><em><strong>\u0130\u015fte Dzeko&#8217;nun o payla\u015f\u0131m\u0131&#8230;<\/strong><\/em><\/p>\n<p>&#13;<br \/>\n&#13;<\/p>\n<p><img decoding=\"async\" alt=\"\" data-pimg=\"https:\/\/iaftm.tmgrup.com.tr\/c1ff92\/0\/0\/0\/0\/1170\/942?u=https:\/\/iftm.tmgrup.com.tr\/2023\/12\/25\/edin-dzekodan-flas-icardi-ve-galatasaray-paylasimi-1703456396654.jpg&amp;mw=1366\" style=\"height:403px; width:500px\" class=\"lazyload\" src=\"https:\/\/iaftm.tmgrup.com.tr\/04d7d5\/0\/0\/0\/0\/1170\/942?u=https:\/\/iftm.tmgrup.com.tr\/2023\/12\/25\/edin-dzekodan-flas-icardi-ve-galatasaray-paylasimi-1703456396654.jpg&amp;mw=500\"\/><\/p>\n<p>&#13;<br \/>\n&#13;<\/p>\n<p><strong>MA\u00c7TA TARTI\u015eMI\u015eLARDI<\/strong><\/p>\n<p>&#13;<br \/>\n&#13;<\/p>\n<p>Dzeko ile Icardi, derbide ya\u015fanan bir pozisyon sonras\u0131 tart\u0131\u015fm\u0131\u015f, ikiliyi araya giren di\u011fer oyuncular ay\u0131rm\u0131\u015ft\u0131.<\/p>\n<p>&#13;<br \/>\n&#13;<\/p>\n<p><img decoding=\"async\" alt=\"\" data-pimg=\"https:\/\/iaftm.tmgrup.com.tr\/92354f\/0\/0\/0\/19\/1842\/700?u=https:\/\/iftm.tmgrup.com.tr\/2023\/12\/25\/edin-dzekodan-flas-icardi-ve-galatasaray-paylasimi-1703456384136.jpg&amp;mw=1366\" style=\"height:296px; width:800px\" class=\"lazyload\" src=\"https:\/\/iaftm.tmgrup.com.tr\/4aaa1f\/0\/0\/0\/19\/1842\/700?u=https:\/\/iftm.tmgrup.com.tr\/2023\/12\/25\/edin-dzekodan-flas-icardi-ve-galatasaray-paylasimi-1703456384136.jpg&amp;mw=800\"\/><\/p>\n<p>&#13;<br \/>\n&#13;<br \/>\n                            &#13;<br \/>\n&#13;\n                <\/p><\/div>\n","protected":false},"excerpt":{"rendered":"<p>< &#13; &#13; &#13; Trendyol S\u00fcper Lig&#8217;in 18. haftas\u0131nda Fenerbah\u00e7e&#8216;nin Kad\u0131k\u00f6y&#8217;de Galatasaray&#8216;la oynad\u0131\u011f\u0131 dev derbi\n<\/p>\n","protected":false},"author":1,"featured_media":2730,"comment_status":"open","ping_status":"open","sticky":false,"template":"","format":"standard","meta":{"footnotes":""},"categories":[29],"tags":[],"class_list":["post-2729","post","type-post","status-publish","format-standard","has-post-thumbnail","hentry","category-spor"],"_links":{"self":[{"href":"https:\/\/haberkaradenizim.com\/index.php\/wp-json\/wp\/v2\/posts\/2729","targetHints":{"allow":["GET"]}}],"collection":[{"href":"https:\/\/haberkaradenizim.com\/index.php\/wp-json\/wp\/v2\/posts"}],"about":[{"href":"https:\/\/haberkaradenizim.com\/index.php\/wp-json\/wp\/v2\/types\/post"}],"author":[{"embeddable":true,"href":"https:\/\/haberkaradenizim.com\/index.php\/wp-json\/wp\/v2\/users\/1"}],"replies":[{"embeddable":true,"href":"https:\/\/haberkaradenizim.com\/index.php\/wp-json\/wp\/v2\/comments?post=2729"}],"version-history":[{"count":0,"href":"https:\/\/haberkaradenizim.com\/index.php\/wp-json\/wp\/v2\/posts\/2729\/revisions"}],"wp:featuredmedia":[{"embeddable":true,"href":"https:\/\/haberkaradenizim.com\/index.php\/wp-json\/wp\/v2\/media\/2730"}],"wp:attachment":[{"href":"https:\/\/haberkaradenizim.com\/index.php\/wp-json\/wp\/v2\/media?parent=2729"}],"wp:term":[{"taxonomy":"category","embeddable":true,"href":"https:\/\/haberkaradenizim.com\/index.php\/wp-json\/wp\/v2\/categories?post=2729"},{"taxonomy":"post_tag","embeddable":true,"href":"https:\/\/haberkaradenizim.com\/index.php\/wp-json\/wp\/v2\/tags?post=2729"}],"curies":[{"name":"wp","href":"https:\/\/api.w.org\/{rel}","templated":true}]}}