{"id":2725,"date":"2023-12-24T17:00:27","date_gmt":"2023-12-24T14:00:27","guid":{"rendered":"https:\/\/haberkaradenizim.com\/index.php\/2023\/12\/24\/galatasaray-haberleri-erden-timurdan-derbi-yorumu-son-dakika-galatasaray-haberleri\/"},"modified":"2023-12-24T17:00:27","modified_gmt":"2023-12-24T14:00:27","slug":"galatasaray-haberleri-erden-timurdan-derbi-yorumu-son-dakika-galatasaray-haberleri","status":"publish","type":"post","link":"https:\/\/haberkaradenizim.com\/index.php\/2023\/12\/24\/galatasaray-haberleri-erden-timurdan-derbi-yorumu-son-dakika-galatasaray-haberleri\/","title":{"rendered":"GALATASARAY HABERLER\u0130 &#8211; Erden Timur\u2019dan derbi yorumu! &#8211; Son dakika Galatasaray haberleri"},"content":{"rendered":"<p><<img decoding=\"async\" src=\"https:\/\/iaftm.tmgrup.com.tr\/924e86\/622\/349\/0\/8\/2048\/1155?u=https:\/\/iftm.tmgrup.com.tr\/2023\/12\/24\/galatasaray-haberleri-erden-timurdan-derbi-yorumu-1703423189171.jpg\" \/><\/p>\n<div id=\"\">&#13;<br \/>\n&#13;<br \/>\n&#13;<\/p>\n<p><a href=\"https:\/\/www.fotomac.com.tr\/haberleri\/galatasaray?id=7f09f678-d15c-4176-9e83-4dac7890c57b\" class=\"\">Galatasaray<\/a> taraftar\u0131, <a href=\"https:\/\/www.fotomac.com.tr\/haberleri\/trendyol-super-lig?id=c646db9d-dc1d-4a6c-be82-0a30412df6c3\" class=\"\">Trendyol S\u00fcper Lig<\/a>&#8216;in 18. haftas\u0131nda yap\u0131lacak <a href=\"https:\/\/www.fotomac.com.tr\/haberleri\/fenerbahce?id=65439000-410e-4c14-94da-0622ac043911\" class=\"\">Fenerbah\u00e7e<\/a> derbisi i\u00e7in <a href=\"https:\/\/www.fotomac.com.tr\/haberleri\/kadikoy?id=9155a24d-f255-44c7-a3c4-7926ff2ea735\" class=\"\">Kad\u0131k\u00f6y<\/a>&#8216;e gitti. Galatasaray Sportif A\u015e Ba\u015fkan Vekili <a href=\"https:\/\/www.fotomac.com.tr\/haberleri\/erden-timur?id=acf9b516-a8fb-446e-be81-739321166d99\" class=\"\">Erden Timur<\/a>, Kad\u0131k\u00f6y deplasman\u0131na giden taraftarlarla bir araya geldi.<\/p>\n<p>&#13;<br \/>\n&#13;<\/p>\n<p>Stada giri\u015fi s\u0131ras\u0131nda yol kenar\u0131nda durdurdu\u011fu arac\u0131ndan inen Timur, sar\u0131-k\u0131rm\u0131z\u0131l\u0131 taraftarlar\u0131n b\u00fcy\u00fck sevgi g\u00f6sterisiyle kar\u015f\u0131land\u0131. Taraftarlar, sar\u0131ld\u0131klar\u0131 Erden Timur&#8217;a sevgi ve g\u00fcvenlerini dile getirdi.<\/p>\n<p>&#13;<br \/>\n&#13;<\/p>\n<p>Derbiyle ilgili a\u00e7\u0131klama yapan Timur, &#8220;Hak eden biz olal\u0131m. \u0130n\u015fallah hak eden kazans\u0131n.&#8221; dedi.<\/p>\n<p>&#13;<br \/>\n&#13;<br \/>\n&#13;<br \/>\n&#13;<br \/>\n&#13;<br \/>\n&#13;<br \/>\n                            &#13;<br \/>\n&#13;\n                <\/p><\/div>\n","protected":false},"excerpt":{"rendered":"","protected":false},"author":1,"featured_media":2726,"comment_status":"open","ping_status":"open","sticky":false,"template":"","format":"standard","meta":{"footnotes":""},"categories":[29],"tags":[],"class_list":["post-2725","post","type-post","status-publish","format-standard","has-post-thumbnail","hentry","category-spor"],"_links":{"self":[{"href":"https:\/\/haberkaradenizim.com\/index.php\/wp-json\/wp\/v2\/posts\/2725","targetHints":{"allow":["GET"]}}],"collection":[{"href":"https:\/\/haberkaradenizim.com\/index.php\/wp-json\/wp\/v2\/posts"}],"about":[{"href":"https:\/\/haberkaradenizim.com\/index.php\/wp-json\/wp\/v2\/types\/post"}],"author":[{"embeddable":true,"href":"https:\/\/haberkaradenizim.com\/index.php\/wp-json\/wp\/v2\/users\/1"}],"replies":[{"embeddable":true,"href":"https:\/\/haberkaradenizim.com\/index.php\/wp-json\/wp\/v2\/comments?post=2725"}],"version-history":[{"count":0,"href":"https:\/\/haberkaradenizim.com\/index.php\/wp-json\/wp\/v2\/posts\/2725\/revisions"}],"wp:featuredmedia":[{"embeddable":true,"href":"https:\/\/haberkaradenizim.com\/index.php\/wp-json\/wp\/v2\/media\/2726"}],"wp:attachment":[{"href":"https:\/\/haberkaradenizim.com\/index.php\/wp-json\/wp\/v2\/media?parent=2725"}],"wp:term":[{"taxonomy":"category","embeddable":true,"href":"https:\/\/haberkaradenizim.com\/index.php\/wp-json\/wp\/v2\/categories?post=2725"},{"taxonomy":"post_tag","embeddable":true,"href":"https:\/\/haberkaradenizim.com\/index.php\/wp-json\/wp\/v2\/tags?post=2725"}],"curies":[{"name":"wp","href":"https:\/\/api.w.org\/{rel}","templated":true}]}}