{"id":2713,"date":"2023-12-23T04:31:36","date_gmt":"2023-12-23T01:31:36","guid":{"rendered":"https:\/\/haberkaradenizim.com\/index.php\/2023\/12\/23\/salernitana-2-2-milan-mac-sonucu-ozet-son-dakika-italya-serie-a-haberleri\/"},"modified":"2023-12-23T04:31:36","modified_gmt":"2023-12-23T01:31:36","slug":"salernitana-2-2-milan-mac-sonucu-ozet-son-dakika-italya-serie-a-haberleri","status":"publish","type":"post","link":"https:\/\/haberkaradenizim.com\/index.php\/2023\/12\/23\/salernitana-2-2-milan-mac-sonucu-ozet-son-dakika-italya-serie-a-haberleri\/","title":{"rendered":"Salernitana 2-2 Milan MA\u00c7 SONUCU &#8211; \u00d6ZET &#8211; Son dakika \u0130talya Serie A haberleri"},"content":{"rendered":"<p><<img decoding=\"async\" src=\"https:\/\/iaftm.tmgrup.com.tr\/a194d2\/622\/349\/0\/0\/1200\/673?u=https:\/\/iftm.tmgrup.com.tr\/2023\/12\/23\/salernitana-2-2-milan-mac-sonucu-ozet-1703283044350.jpeg\" \/><\/p>\n<div id=\"\">&#13;<br \/>\n&#13;<br \/>\n&#13;<\/p>\n<p><a href=\"https:\/\/www.fotomac.com.tr\/haberleri\/italya-serie-a?id=941b3954-8397-466b-9ed2-6926912c0188\" class=\"\">\u0130talya Serie A<\/a>&#8216;n\u0131n 17. haftas\u0131nda <a href=\"https:\/\/www.fotomac.com.tr\/haberleri\/salernitana?id=0ae20fcd-da9a-408c-9453-62f4b9a47213\" class=\"\">Salernitana<\/a> ile <a href=\"https:\/\/www.fotomac.com.tr\/haberleri\/milan?id=de8379c7-5949-4956-b693-9bc6a147dc66\" class=\"\">Milan<\/a> kozlar\u0131n\u0131 payla\u015ft\u0131.<\/p>\n<p>&#13;<br \/>\n&#13;<\/p>\n<p><a href=\"https:\/\/www.fotomac.com.tr\/haberleri\/milano?id=c41da0cf-986e-4420-ae90-0a0d40c145c0\" class=\"\">Milano<\/a> ekibi, rakibiyle son dakikada buldu\u011fu golle 2-2 berabere kald\u0131.<\/p>\n<p>&#13;<br \/>\n&#13;<\/p>\n<p>Salerntana&#8217;n\u0131n golleri 42. dakikada <a href=\"https:\/\/www.fotomac.com.tr\/haberleri\/federico-fazio?id=bf63540d-aaa4-4efd-9603-af67e543e26e\" class=\"\">Federico Fazio<\/a> ve 63. dakikada <a href=\"https:\/\/www.fotomac.com.tr\/haberleri\/antonio-candreva?id=6199c711-a533-422a-a5ea-7b03a6bd9b84\" class=\"\">Antonio Candreva<\/a>&#8216;dan gelirken, Milan&#8217;\u0131n gollerini 17. dakikada <a href=\"https:\/\/www.fotomac.com.tr\/haberleri\/fikayo-tomori?id=32744960-4f4e-4148-9901-e0b427c5754b\" class=\"\">Fikayo Tomori<\/a> ve 90. dakikada <a href=\"https:\/\/www.fotomac.com.tr\/haberleri\/luka-jovic?id=300effd4-50ed-4f0b-b6eb-6579950844e5\" class=\"\">Luka Jovic<\/a> kaydetti.<\/p>\n<p>&#13;<br \/>\n&#13;<\/p>\n<p>\u00d6te yandan ev sahibi tak\u0131mda <a href=\"https:\/\/www.fotomac.com.tr\/haberleri\/vincenzo-fiorillo?id=2de0bcb6-56a6-40d1-bc23-c61510c05caf\" class=\"\">Vincenzo Fiorillo<\/a>, 90+4. dakikada direkt k\u0131rm\u0131z\u0131 kart g\u00f6rerek oyun d\u0131\u015f\u0131 kald\u0131.<\/p>\n<p>&#13;<br \/>\n&#13;<\/p>\n<p>Milan bu sonu\u00e7la puan\u0131n\u0131 33&#8217;e y\u00fckseltirken, Salernitana puan\u0131n\u0131 9&#8217;a \u00e7\u0131kard\u0131.<\/p>\n<p>&#13;<br \/>\n&#13;<br \/>\n&#13;<br \/>\n&#13;<br \/>\n&#13;<br \/>\n&#13;<br \/>\n&#13;<br \/>\n&#13;<br \/>\n&#13;\n                <\/p><\/div>\n","protected":false},"excerpt":{"rendered":"","protected":false},"author":1,"featured_media":2714,"comment_status":"open","ping_status":"open","sticky":false,"template":"","format":"standard","meta":{"footnotes":""},"categories":[29],"tags":[],"class_list":["post-2713","post","type-post","status-publish","format-standard","has-post-thumbnail","hentry","category-spor"],"_links":{"self":[{"href":"https:\/\/haberkaradenizim.com\/index.php\/wp-json\/wp\/v2\/posts\/2713","targetHints":{"allow":["GET"]}}],"collection":[{"href":"https:\/\/haberkaradenizim.com\/index.php\/wp-json\/wp\/v2\/posts"}],"about":[{"href":"https:\/\/haberkaradenizim.com\/index.php\/wp-json\/wp\/v2\/types\/post"}],"author":[{"embeddable":true,"href":"https:\/\/haberkaradenizim.com\/index.php\/wp-json\/wp\/v2\/users\/1"}],"replies":[{"embeddable":true,"href":"https:\/\/haberkaradenizim.com\/index.php\/wp-json\/wp\/v2\/comments?post=2713"}],"version-history":[{"count":0,"href":"https:\/\/haberkaradenizim.com\/index.php\/wp-json\/wp\/v2\/posts\/2713\/revisions"}],"wp:featuredmedia":[{"embeddable":true,"href":"https:\/\/haberkaradenizim.com\/index.php\/wp-json\/wp\/v2\/media\/2714"}],"wp:attachment":[{"href":"https:\/\/haberkaradenizim.com\/index.php\/wp-json\/wp\/v2\/media?parent=2713"}],"wp:term":[{"taxonomy":"category","embeddable":true,"href":"https:\/\/haberkaradenizim.com\/index.php\/wp-json\/wp\/v2\/categories?post=2713"},{"taxonomy":"post_tag","embeddable":true,"href":"https:\/\/haberkaradenizim.com\/index.php\/wp-json\/wp\/v2\/tags?post=2713"}],"curies":[{"name":"wp","href":"https:\/\/api.w.org\/{rel}","templated":true}]}}