{"id":2707,"date":"2023-12-21T21:59:00","date_gmt":"2023-12-21T18:59:00","guid":{"rendered":"https:\/\/haberkaradenizim.com\/index.php\/2023\/12\/21\/baskan-yabir-sozlesmeli-yonetici-atamalarini-elestirdi\/"},"modified":"2023-12-21T21:59:00","modified_gmt":"2023-12-21T18:59:00","slug":"baskan-yabir-sozlesmeli-yonetici-atamalarini-elestirdi","status":"publish","type":"post","link":"https:\/\/haberkaradenizim.com\/index.php\/2023\/12\/21\/baskan-yabir-sozlesmeli-yonetici-atamalarini-elestirdi\/","title":{"rendered":"Ba\u015fkan Yabir S\u00f6zle\u015fmeli Y\u00f6netici Atamalar\u0131n\u0131 Ele\u015ftirdi!"},"content":{"rendered":"<div data-text-id=\"30838\" property=\"articleBody\">\n<div class=\"post-flash\"><a href=\"https:\/\/www.saglikpersonelihaber.net\/haberleri\" class=\"internal_link\" target=\"_blank\" title=\"\" rel=\"noopener\"><br \/>\n        <!--\n\n<h3 class=\"post-flash__title\">G&ouml;zden ka&ccedil;&#305;rmay&#305;n<\/h3>\n\n--><br \/>\n                <a href=\"https:\/\/www.saglikpersonelihaber.net\/il-saglik-mudurunden-belediye-baskanina-ziyaret\" class=\"post-flash__content\" target=\"_self\" title=\"\u0130l Sa\u011fl\u0131k M\u00fcd\u00fcr\u00fcnden Belediye Ba\u015fkan\u0131na Ziyaret!\" style=\"background-color: #A61C1E\" rel=\"noopener\"><br \/>\n            <img loading=\"lazy\" decoding=\"async\" src=\"https:\/\/saglikpersonelihabernet.teimg.com\/crop\/250x150\/saglikpersonelihaber-net\/uploads\/2023\/12\/12-3.webp\" alt=\"\u0130l Sa\u011fl\u0131k M\u00fcd\u00fcr\u00fcnden Belediye Ba\u015fkan\u0131na Ziyaret!\" width=\"231\" height=\"140\" class=\"content-paragraph-image\"\/><br \/>\n            <span class=\"post-flash__heading\"><br \/>\n                <span class=\"post-flash__h4\">\u0130l Sa\u011fl\u0131k M\u00fcd\u00fcr\u00fcnden Belediye Ba\u015fkan\u0131na Ziyaret!<\/span><br \/>\n            <\/span><br \/>\n        <\/a>\n            <\/div>\n<p>Daha \u00f6nce Urfa\u2019da idarecilik yap\u0131p sa\u011fl\u0131k \u00e7al\u0131\u015fanlar\u0131n\u0131n \u015fikayet\u00e7i ki\u015filerin tekrar atanmas\u0131n\u0131n bu twitin at\u0131lmas\u0131na sebep oldu\u011fu belirtiliyor.<\/p>\n<p>Sa\u011fl\u0131k Sen \u015eube Ba\u015fkan\u0131 Abdulkadir Yabir sosyal medya platformu X \u00fczerinden yapt\u0131\u011f\u0131 payla\u015f\u0131mda bir ata s\u00f6z\u00fcnden al\u0131nt\u0131 yaparak Eskiye ra\u011fbet olsayd\u0131 bit pazar\u0131na nur ya\u011fard\u0131 diyerek \u015eanl\u0131urfa \u0130l Sa\u011fl\u0131k M\u00fcd\u00fcrl\u00fc\u011f\u00fc\u2019nde ki s\u00f6zle\u015fmeli y\u00f6netici atamalar\u0131n\u0131 ele\u015ftirdi.<\/p>\n<p>\u015eube Ba\u015fkan\u0131 Yabir payla\u015f\u0131m\u0131nda \u015funlar\u0131 kaydetti: Eskiye ra\u011fbet olsayd\u0131 bit pazar\u0131na nur ya\u011fard\u0131 demi\u015f atalar\u0131m\u0131z.\u0130l Sa\u011fl\u0131k M\u00fcd\u00fcrl\u00fc\u011f\u00fc\u2019nde ya\u015fanan olaylar bu veciz s\u00f6z\u00fc akl\u0131ma getirdi.S\u00fcreci yak\u0131nda takip ediyoruz.<\/p>\n<\/p><\/div>\n","protected":false},"excerpt":{"rendered":"<p>\u0130l Sa\u011fl\u0131k M\u00fcd\u00fcr\u00fcnden Belediye Ba\u015fkan\u0131na Ziyaret! Daha \u00f6nce Urfa\u2019da idarecilik yap\u0131p sa\u011fl\u0131k \u00e7al\u0131\u015fanlar\u0131n\u0131n \u015fikayet\u00e7i ki\u015filerin<\/p>\n","protected":false},"author":1,"featured_media":2708,"comment_status":"open","ping_status":"open","sticky":false,"template":"","format":"standard","meta":{"footnotes":""},"categories":[27],"tags":[],"class_list":["post-2707","post","type-post","status-publish","format-standard","has-post-thumbnail","hentry","category-saglik"],"_links":{"self":[{"href":"https:\/\/haberkaradenizim.com\/index.php\/wp-json\/wp\/v2\/posts\/2707","targetHints":{"allow":["GET"]}}],"collection":[{"href":"https:\/\/haberkaradenizim.com\/index.php\/wp-json\/wp\/v2\/posts"}],"about":[{"href":"https:\/\/haberkaradenizim.com\/index.php\/wp-json\/wp\/v2\/types\/post"}],"author":[{"embeddable":true,"href":"https:\/\/haberkaradenizim.com\/index.php\/wp-json\/wp\/v2\/users\/1"}],"replies":[{"embeddable":true,"href":"https:\/\/haberkaradenizim.com\/index.php\/wp-json\/wp\/v2\/comments?post=2707"}],"version-history":[{"count":0,"href":"https:\/\/haberkaradenizim.com\/index.php\/wp-json\/wp\/v2\/posts\/2707\/revisions"}],"wp:featuredmedia":[{"embeddable":true,"href":"https:\/\/haberkaradenizim.com\/index.php\/wp-json\/wp\/v2\/media\/2708"}],"wp:attachment":[{"href":"https:\/\/haberkaradenizim.com\/index.php\/wp-json\/wp\/v2\/media?parent=2707"}],"wp:term":[{"taxonomy":"category","embeddable":true,"href":"https:\/\/haberkaradenizim.com\/index.php\/wp-json\/wp\/v2\/categories?post=2707"},{"taxonomy":"post_tag","embeddable":true,"href":"https:\/\/haberkaradenizim.com\/index.php\/wp-json\/wp\/v2\/tags?post=2707"}],"curies":[{"name":"wp","href":"https:\/\/api.w.org\/{rel}","templated":true}]}}