{"id":2705,"date":"2023-12-22T03:45:40","date_gmt":"2023-12-22T00:45:40","guid":{"rendered":"https:\/\/haberkaradenizim.com\/index.php\/2023\/12\/22\/pierluigi-collinadan-flas-sozler-halil-umut-melere-yapilan-saldiri\/"},"modified":"2023-12-22T03:45:40","modified_gmt":"2023-12-22T00:45:40","slug":"pierluigi-collinadan-flas-sozler-halil-umut-melere-yapilan-saldiri","status":"publish","type":"post","link":"https:\/\/haberkaradenizim.com\/index.php\/2023\/12\/22\/pierluigi-collinadan-flas-sozler-halil-umut-melere-yapilan-saldiri\/","title":{"rendered":"Pierluigi Collina\u2019dan fla\u015f s\u00f6zler: Halil Umut Meler\u2019e yap\u0131lan sald\u0131r\u0131&#8230;"},"content":{"rendered":"<p><<img decoding=\"async\" src=\"https:\/\/iaftm.tmgrup.com.tr\/409f9a\/622\/349\/0\/0\/943\/528?u=https:\/\/iftm.tmgrup.com.tr\/2023\/12\/22\/pierluigi-collinadan-flas-sozler-halil-umut-melere-yapilan-saldiri-1703199032803.jpg\" \/><\/p>\n<div id=\"\">&#13;<br \/>\n&#13;<br \/>\n&#13;<\/p>\n<p><a href=\"https:\/\/www.fotomac.com.tr\/haberleri\/suudi-arabistan?id=7c750968-35ff-4fb1-a55e-24f89f089793\" class=\"\">Suudi Arabistan<\/a>&#8216;\u0131n <a href=\"https:\/\/www.fotomac.com.tr\/haberleri\/cidde?id=935f6d0a-1fa5-4b53-aa3c-5568a4752396\" class=\"\">Cidde<\/a> \u015fehrinde d\u00fczenlenen <a href=\"https:\/\/www.fotomac.com.tr\/haberleri\/2023-fifa-futbol-zirvesi?id=c1e714f6-bdd4-442b-b9be-4814f915847e\" class=\"\">2023 FIFA Futbol Zirvesi<\/a>&#8216;nde <a href=\"https:\/\/www.fotomac.com.tr\/haberleri\/fifa-uyeler-birligi?id=a24410d2-7e7d-4dc9-a5bc-520c5ef8ca2a\" class=\"\">FIFA \u00dcyeler Birli\u011fi<\/a> delegeleri ile g\u00f6r\u00fc\u015fen <a href=\"https:\/\/www.fotomac.com.tr\/haberleri\/fifa-hakem-komitesi?id=56a2bcf5-fc11-46b7-986b-064084bde047\" class=\"\">FIFA Hakem Komitesi<\/a> Ba\u015fkan\u0131 <a href=\"https:\/\/www.fotomac.com.tr\/haberleri\/pierluigi-collina?id=b7c362e5-52f7-4e4a-8a61-d92d975bb556\" class=\"\">Pierluigi Collina<\/a>, futbol d\u00fcnyas\u0131nda son zamanlarda hakemlerle ilgili ya\u015fanan geli\u015fmeler hakk\u0131nda konu\u015ftu.<\/p>\n<p>&#13;<br \/>\n&#13;<\/p>\n<p>Hakemlerin futbolun olmazsa olmaz\u0131 oldu\u011funu belirten efsane isim, &#8220;Medyan\u0131n dikkatini \u00e7ekmeyen pek \u00e7ok olay ya\u015fan\u0131yor. Hakemler s\u00fcrekli s\u00f6zl\u00fc ve fiziksel sald\u0131r\u0131lara maruz kal\u0131yor&#8221; dedi.<\/p>\n<p>&#13;<br \/>\n&#13;<\/p>\n<p><strong>\u0130\u015fte Collina&#8217;n\u0131n o s\u00f6zleri&#8230;<\/strong><\/p>\n<p>&#13;<br \/>\n&#13;<\/p>\n<p>&#8220;<a href=\"https:\/\/www.fotomac.com.tr\/haberleri\/halil-umut-meler?id=e9fb8ef1-f7fc-4ab3-909e-9751be5bea41\" class=\"\">Halil Umut Meler<\/a>&#8216;e yap\u0131lan sald\u0131r\u0131 medyan\u0131n dikkatini \u00e7ekti ama \u00e7ekmeyen pek \u00e7ok olay da ya\u015fan\u0131yor. Bu sadece <a href=\"https:\/\/www.fotomac.com.tr\/haberleri\/turkiye?id=14b41a69-5b12-49c6-b6c5-32870ff30d0f\" class=\"\">T\u00fcrkiye<\/a>&#8216;nin problemi de\u011fil ve sadece futbolun \u00fcst seviyesini ilgilendiren bir durum da de\u011fil. Amat\u00f6r liglerde, alt liglerde hakemlerle ilgili medyan\u0131n g\u00fcndeme getirmedi\u011fi pek \u00e7ok olay var. Bu hakemlerin \u00e7o\u011fu gen\u00e7 erkek ve kad\u0131nlar. Bu hakemler s\u00f6zl\u00fc ve hatta fiziksel sald\u0131r\u0131lara maruz kal\u0131yorlar.<\/p>\n<p>&#13;<br \/>\n&#13;<\/p>\n<p>Onlara bu sald\u0131r\u0131lar\u0131 d\u00fczenleyenler de \u00e7o\u011fu zaman ma\u00e7\u0131 oynayan \u00e7ocuklar\u0131n anne ve babalar\u0131. Bu kabul edilemez. Art\u0131k yeter! Bu davran\u0131\u015flar futbolun \u00f6l\u00fcm\u00fcne neden olan kanserdir. D\u00fcnyan\u0131n d\u00f6rt bir yan\u0131ndaki futbol liderlerine yalvar\u0131yorum, \u00e7ok ge\u00e7 olmadan bu konuda bir \u015feyler yaps\u0131nlar. Bu kadar yeter.&#8221;<\/p>\n<p>&#13;<br \/>\n&#13;<br \/>\n                            &#13;<br \/>\n&#13;\n                <\/p><\/div>\n","protected":false},"excerpt":{"rendered":"","protected":false},"author":1,"featured_media":2706,"comment_status":"open","ping_status":"open","sticky":false,"template":"","format":"standard","meta":{"footnotes":""},"categories":[29],"tags":[],"class_list":["post-2705","post","type-post","status-publish","format-standard","has-post-thumbnail","hentry","category-spor"],"_links":{"self":[{"href":"https:\/\/haberkaradenizim.com\/index.php\/wp-json\/wp\/v2\/posts\/2705","targetHints":{"allow":["GET"]}}],"collection":[{"href":"https:\/\/haberkaradenizim.com\/index.php\/wp-json\/wp\/v2\/posts"}],"about":[{"href":"https:\/\/haberkaradenizim.com\/index.php\/wp-json\/wp\/v2\/types\/post"}],"author":[{"embeddable":true,"href":"https:\/\/haberkaradenizim.com\/index.php\/wp-json\/wp\/v2\/users\/1"}],"replies":[{"embeddable":true,"href":"https:\/\/haberkaradenizim.com\/index.php\/wp-json\/wp\/v2\/comments?post=2705"}],"version-history":[{"count":0,"href":"https:\/\/haberkaradenizim.com\/index.php\/wp-json\/wp\/v2\/posts\/2705\/revisions"}],"wp:featuredmedia":[{"embeddable":true,"href":"https:\/\/haberkaradenizim.com\/index.php\/wp-json\/wp\/v2\/media\/2706"}],"wp:attachment":[{"href":"https:\/\/haberkaradenizim.com\/index.php\/wp-json\/wp\/v2\/media?parent=2705"}],"wp:term":[{"taxonomy":"category","embeddable":true,"href":"https:\/\/haberkaradenizim.com\/index.php\/wp-json\/wp\/v2\/categories?post=2705"},{"taxonomy":"post_tag","embeddable":true,"href":"https:\/\/haberkaradenizim.com\/index.php\/wp-json\/wp\/v2\/tags?post=2705"}],"curies":[{"name":"wp","href":"https:\/\/api.w.org\/{rel}","templated":true}]}}