{"id":2703,"date":"2023-12-21T17:21:00","date_gmt":"2023-12-21T14:21:00","guid":{"rendered":"https:\/\/haberkaradenizim.com\/index.php\/2023\/12\/21\/merkez-bankasinin-faiz-karari-belli-oldu-2\/"},"modified":"2023-12-21T17:21:00","modified_gmt":"2023-12-21T14:21:00","slug":"merkez-bankasinin-faiz-karari-belli-oldu-2","status":"publish","type":"post","link":"https:\/\/haberkaradenizim.com\/index.php\/2023\/12\/21\/merkez-bankasinin-faiz-karari-belli-oldu-2\/","title":{"rendered":"Merkez Bankas\u0131n\u0131n Faiz Karar\u0131 Belli Oldu!"},"content":{"rendered":"<div data-text-id=\"30811\" property=\"articleBody\">\n<p><a href=\"https:\/\/www.saglikpersonelihaber.net\/haberleri\" class=\"internal_link\" target=\"_blank\" title=\"\" rel=\"noopener\">Yap\u0131lan bas\u0131n duyurusunda, politika faizinin y\u00fczde 40&#8217;tan y\u00fczde 42,5&#8217;e \u00e7\u0131kar\u0131ld\u0131\u011f\u0131 a\u00e7\u0131kland\u0131.<\/p>\n<div class=\"post-flash\">\n        <!--\n\n<h3 class=\"post-flash__title\">G&ouml;zden ka&ccedil;&#305;rmay&#305;n<\/h3>\n\n--><br \/>\n                <a href=\"https:\/\/www.saglikpersonelihaber.net\/akaryakita-yeni-zam-yolda\" class=\"post-flash__content\" target=\"_self\" title=\"Akaryak\u0131ta Yeni Zam Yolda!\" style=\"background-color: #1C38A6\" rel=\"noopener\"><br \/>\n            <img loading=\"lazy\" decoding=\"async\" src=\"https:\/\/saglikpersonelihabernet.teimg.com\/crop\/250x150\/saglikpersonelihaber-net\/uploads\/2023\/12\/sfdgfhht.jpg\" alt=\"Akaryak\u0131ta Yeni Zam Yolda!\" width=\"231\" height=\"140\" class=\"content-paragraph-image\"\/><br \/>\n            <span class=\"post-flash__heading\"><br \/>\n                <span class=\"post-flash__h4\">Akaryak\u0131ta Yeni Zam Yolda!<\/span><br \/>\n            <\/span><br \/>\n        <\/a>\n            <\/div>\n<p>Kas\u0131m ay\u0131nda s\u0131n\u0131rl\u0131 bir art\u0131\u015f kaydeden man\u015fet enflasyon son Enflasyon Raporu&#8217;nda sunulan g\u00f6r\u00fcn\u00fcmle uyumlu seyretmektedir. Yurt i\u00e7i talebin mevcut seviyesi, hizmet fiyatlar\u0131ndaki kat\u0131l\u0131k ve jeopolitik riskler enflasyon bask\u0131lar\u0131n\u0131 canl\u0131 tutmaktad\u0131r. \u00d6te yandan, yak\u0131n d\u00f6neme ili\u015fkin g\u00f6stergeler, parasal s\u0131k\u0131la\u015ft\u0131rman\u0131n finansal ko\u015fullara yans\u0131mas\u0131yla yurt i\u00e7i talepteki dengelenmenin devam etti\u011fine i\u015faret etmektedir. Kurul, enflasyon beklentileri ve fiyatlama davran\u0131\u015flar\u0131nda s\u0131n\u0131rl\u0131 bir iyile\u015fmenin ba\u015flad\u0131\u011f\u0131n\u0131 da de\u011ferlendirmektedir. D\u0131\u015f finansman ko\u015fullar\u0131ndaki belirgin iyile\u015fme, rezervlerde s\u00fcregelen art\u0131\u015f, talepteki dengelenmenin cari i\u015flemler hesab\u0131na deste\u011fi ve T\u00fcrk liras\u0131 varl\u0131klara yurt i\u00e7i ve yurt d\u0131\u015f\u0131 talebin g\u00fc\u00e7lenerek artmas\u0131, d\u00f6viz kuru istikrar\u0131 ve para politikas\u0131n\u0131n etkinli\u011fine g\u00fc\u00e7l\u00fc katk\u0131da bulunmaktad\u0131r. Bu \u00e7er\u00e7evede, ayl\u0131k enflasyonun ana e\u011filimindeki d\u00fc\u015f\u00fc\u015f s\u00fcrmektedir.<\/p>\n<p>&#8216;Kurul, parasal s\u0131k\u0131la\u015ft\u0131rma h\u0131z\u0131n\u0131 yava\u015flatm\u0131\u015ft\u0131r&#8217;<\/p>\n<p>Kurul, dezenflasyonun tesisi i\u00e7in gerekli parasal s\u0131k\u0131l\u0131k d\u00fczeyine \u00f6nemli \u00f6l\u00e7\u00fcde yakla\u015f\u0131ld\u0131\u011f\u0131n\u0131 de\u011ferlendirerek parasal s\u0131k\u0131la\u015ft\u0131rma h\u0131z\u0131n\u0131 yava\u015flatm\u0131\u015ft\u0131r. Kurul, parasal s\u0131k\u0131la\u015ft\u0131rma ad\u0131mlar\u0131n\u0131 en k\u0131sa zamanda tamamlamay\u0131 \u00f6ng\u00f6rmektedir. Fiyat istikrar\u0131n\u0131n kal\u0131c\u0131 tesisi i\u00e7in gerekli parasal s\u0131k\u0131l\u0131\u011f\u0131n ise gerekti\u011fi m\u00fcddet\u00e7e s\u00fcrd\u00fcr\u00fclece\u011fi de\u011ferlendirilmi\u015ftir.<\/p>\n<p>Kurul, mevcut mikro- ve makroihtiyati \u00e7er\u00e7eveyi, piyasa mekanizmas\u0131n\u0131n i\u015flevselli\u011fini art\u0131racak ve makro finansal istikrar\u0131 g\u00fc\u00e7lendirecek \u015fekilde sadele\u015ftirmektedir. Kredi faizlerinin hedeflenen finansal s\u0131k\u0131l\u0131k d\u00fczeyiyle uyumlu oldu\u011fu de\u011ferlendirilirken, T\u00fcrk liras\u0131 mevduat pay\u0131n\u0131n art\u0131r\u0131lmas\u0131na y\u00f6nelik d\u00fczenlemelerin, parasal s\u0131k\u0131la\u015fma e\u015fli\u011finde aktar\u0131m mekanizmas\u0131n\u0131 g\u00fc\u00e7lendirmeye ve bankac\u0131l\u0131k sisteminin fonlama kompozisyonunu iyile\u015ftirmeye devam edece\u011fi \u00f6ng\u00f6r\u00fclmektedir. Kurul, faiz kararlar\u0131n\u0131n yan\u0131 s\u0131ra, parasal s\u0131k\u0131la\u015ft\u0131rma s\u00fcrecini destekleme amac\u0131yla, kulland\u0131\u011f\u0131 sterilizasyon ara\u00e7lar\u0131n\u0131n \u00e7e\u015fitlili\u011fini art\u0131rarak miktarsal s\u0131k\u0131la\u015ft\u0131rmaya devam edecektir.<\/p>\n<p>Kurul, politika kararlar\u0131n\u0131 parasal s\u0131k\u0131la\u015ft\u0131rman\u0131n birikimli ve gecikmeli etkilerini de dikkate alarak, enflasyonun ana e\u011filimini geriletecek ve orta vadede y\u00fczde 5 hedefine ula\u015ft\u0131racak parasal ve finansal ko\u015fullar\u0131 sa\u011flayacak \u015fekilde belirlemeye devam edecektir.<\/p>\n<p>Enflasyon ve enflasyonun ana e\u011filimine ili\u015fkin g\u00f6stergeler yak\u0131ndan takip edilecek ve Kurul, fiyat istikrar\u0131 temel amac\u0131 do\u011frultusunda elindeki t\u00fcm ara\u00e7lar\u0131 kararl\u0131l\u0131kla kullanmaya devam edecektir. Kurul, kararlar\u0131n\u0131 \u00f6ng\u00f6r\u00fclebilir, veri odakl\u0131 ve \u015feffaf bir \u00e7er\u00e7evede almaya devam edecektir.<\/p>\n<\/p><\/div>\n","protected":false},"excerpt":{"rendered":"<p>Yap\u0131lan bas\u0131n duyurusunda, politika faizinin y\u00fczde 40&#8217;tan y\u00fczde 42,5&#8217;e \u00e7\u0131kar\u0131ld\u0131\u011f\u0131 a\u00e7\u0131kland\u0131. Akaryak\u0131ta Yeni Zam Yolda!<\/p>\n","protected":false},"author":1,"featured_media":2704,"comment_status":"open","ping_status":"open","sticky":false,"template":"","format":"standard","meta":{"footnotes":""},"categories":[27],"tags":[],"class_list":["post-2703","post","type-post","status-publish","format-standard","has-post-thumbnail","hentry","category-saglik"],"_links":{"self":[{"href":"https:\/\/haberkaradenizim.com\/index.php\/wp-json\/wp\/v2\/posts\/2703","targetHints":{"allow":["GET"]}}],"collection":[{"href":"https:\/\/haberkaradenizim.com\/index.php\/wp-json\/wp\/v2\/posts"}],"about":[{"href":"https:\/\/haberkaradenizim.com\/index.php\/wp-json\/wp\/v2\/types\/post"}],"author":[{"embeddable":true,"href":"https:\/\/haberkaradenizim.com\/index.php\/wp-json\/wp\/v2\/users\/1"}],"replies":[{"embeddable":true,"href":"https:\/\/haberkaradenizim.com\/index.php\/wp-json\/wp\/v2\/comments?post=2703"}],"version-history":[{"count":0,"href":"https:\/\/haberkaradenizim.com\/index.php\/wp-json\/wp\/v2\/posts\/2703\/revisions"}],"wp:featuredmedia":[{"embeddable":true,"href":"https:\/\/haberkaradenizim.com\/index.php\/wp-json\/wp\/v2\/media\/2704"}],"wp:attachment":[{"href":"https:\/\/haberkaradenizim.com\/index.php\/wp-json\/wp\/v2\/media?parent=2703"}],"wp:term":[{"taxonomy":"category","embeddable":true,"href":"https:\/\/haberkaradenizim.com\/index.php\/wp-json\/wp\/v2\/categories?post=2703"},{"taxonomy":"post_tag","embeddable":true,"href":"https:\/\/haberkaradenizim.com\/index.php\/wp-json\/wp\/v2\/tags?post=2703"}],"curies":[{"name":"wp","href":"https:\/\/api.w.org\/{rel}","templated":true}]}}