{"id":2687,"date":"2023-12-19T14:17:00","date_gmt":"2023-12-19T11:17:00","guid":{"rendered":"https:\/\/haberkaradenizim.com\/index.php\/2023\/12\/19\/cumhurbaskanligi-duyurdu-hemsirelerden-yasli-hastaya-yonelik-korkunc-saldiri-haberi-asilsizdir\/"},"modified":"2023-12-19T14:17:00","modified_gmt":"2023-12-19T11:17:00","slug":"cumhurbaskanligi-duyurdu-hemsirelerden-yasli-hastaya-yonelik-korkunc-saldiri-haberi-asilsizdir","status":"publish","type":"post","link":"https:\/\/haberkaradenizim.com\/index.php\/2023\/12\/19\/cumhurbaskanligi-duyurdu-hemsirelerden-yasli-hastaya-yonelik-korkunc-saldiri-haberi-asilsizdir\/","title":{"rendered":"Cumhurba\u015fkanl\u0131\u011f\u0131 Duyurdu: \u2018\u2019Hem\u015firelerden Ya\u015fl\u0131 Hastaya Y\u00f6nelik Korkun\u00e7 Sald\u0131r\u0131\u2019\u2019 Haberi As\u0131ls\u0131zd\u0131r!"},"content":{"rendered":"<div data-text-id=\"30764\" property=\"articleBody\">\n<p><a href=\"https:\/\/www.saglikpersonelihaber.net\/haberleri\" class=\"internal_link\" target=\"_blank\" title=\"\" rel=\"noopener\">DMM, M\u00fcsl\u00fcmanlar\u0131 hedef alan baz\u0131 sosyal medya hesaplar\u0131ndan payla\u015f\u0131lan g\u00f6r\u00fcnt\u00fclerle ilgili yap\u0131lan iddialar\u0131n do\u011fru olmad\u0131\u011f\u0131n\u0131 vurgulad\u0131. A\u00e7\u0131klamada, s\u00f6z konusu g\u00f6r\u00fcnt\u00fclerin ger\u00e7ekle \u00f6rt\u00fc\u015fmedi\u011fi ve \u0131rk\u00e7\u0131l\u0131kla ilgili yap\u0131lan bu t\u00fcr payla\u015f\u0131mlar\u0131n ger\u00e7ek durumu \u00e7arp\u0131tt\u0131\u011f\u0131 ifade edildi.<\/p>\n<p>DMM \u0130DD\u0130ALARI YALANLADI<\/p>\n<div class=\"post-flash\">\n        <!--\n\n<h3 class=\"post-flash__title\">G&ouml;zden ka&ccedil;&#305;rmay&#305;n<\/h3>\n\n--><br \/>\n                <a href=\"https:\/\/www.saglikpersonelihaber.net\/bakan-koca-dis-hekimligi-uzmanliginda-669-aday-yerlesti\" class=\"post-flash__content\" target=\"_self\" title=\"Bakan Koca: Di\u015f Hekimli\u011fi Uzmanl\u0131\u011f\u0131nda 669 Aday Yerle\u015fti!\" style=\"background-color: #A61C1E\" rel=\"noopener\"><br \/>\n            <img loading=\"lazy\" decoding=\"async\" src=\"https:\/\/saglikpersonelihabernet.teimg.com\/crop\/250x150\/saglikpersonelihaber-net\/uploads\/2023\/12\/yenni-1.jpg\" alt=\"Bakan Koca: Di\u015f Hekimli\u011fi Uzmanl\u0131\u011f\u0131nda 669 Aday Yerle\u015fti!\" width=\"231\" height=\"140\" class=\"content-paragraph-image\"\/><br \/>\n            <span class=\"post-flash__heading\"><br \/>\n                <span class=\"post-flash__h4\">Bakan Koca: Di\u015f Hekimli\u011fi Uzmanl\u0131\u011f\u0131nda 669 Aday Yerle\u015fti!<\/span><br \/>\n            <\/span><br \/>\n        <\/a>\n            <\/div>\n<p>&#8220;T\u00fcrkiye&#8217;de \u0131rk\u00e7\u0131l\u0131k y\u00fckseliyor: Hem\u015firelerden ya\u015fl\u0131 hastaya y\u00f6nelik korkun\u00e7 sald\u0131r\u0131&#8221; iddias\u0131 yalanland\u0131.<\/p>\n<p>\u0130leti\u015fim Ba\u015fkanl\u0131\u011f\u0131, M\u00fcsl\u00fcmanlar\u0131 hedef alan baz\u0131 sosyal medya hesaplar\u0131ndan payla\u015f\u0131lan g\u00f6r\u00fcnt\u00fclerin Kosova&#8217;da \u00e7ekildi\u011fini a\u00e7\u0131klad\u0131.<\/p>\n<p>Yap\u0131lan a\u00e7\u0131klamada, &#8220;M\u00fcsl\u00fcmanlar\u0131 hedef alan baz\u0131 sosyal medya hesaplar\u0131ndan payla\u015f\u0131lan g\u00f6r\u00fcnt\u00fclerle ilgili, &#8220;T\u00fcrkiye&#8217;de \u0131rk\u00e7\u0131l\u0131k y\u00fckseliyor: Hem\u015firelerden ya\u015fl\u0131 hastaya y\u00f6nelik korkun\u00e7 sald\u0131r\u0131&#8221; iddias\u0131 do\u011fru de\u011fildir. Kas\u0131m 2022&#8217;den beri dola\u015f\u0131mda olan iddiaya konu g\u00f6r\u00fcnt\u00fclerin, Kosova&#8217;n\u0131n kuzeyinde yer alan \u0130pek (Peja) kentindeki bir ak\u0131l hastanesinde kaydedildi\u011fi tespit edilmi\u015ftir. As\u0131ls\u0131z iddialara itibar etmeyiniz.&#8221; ifadeleri kullan\u0131ld\u0131.<\/p>\n<\/p><\/div>\n","protected":false},"excerpt":{"rendered":"<p>DMM, M\u00fcsl\u00fcmanlar\u0131 hedef alan baz\u0131 sosyal medya hesaplar\u0131ndan payla\u015f\u0131lan g\u00f6r\u00fcnt\u00fclerle ilgili yap\u0131lan iddialar\u0131n do\u011fru olmad\u0131\u011f\u0131n\u0131<\/p>\n","protected":false},"author":1,"featured_media":2688,"comment_status":"open","ping_status":"open","sticky":false,"template":"","format":"standard","meta":{"footnotes":""},"categories":[27],"tags":[],"class_list":["post-2687","post","type-post","status-publish","format-standard","has-post-thumbnail","hentry","category-saglik"],"_links":{"self":[{"href":"https:\/\/haberkaradenizim.com\/index.php\/wp-json\/wp\/v2\/posts\/2687","targetHints":{"allow":["GET"]}}],"collection":[{"href":"https:\/\/haberkaradenizim.com\/index.php\/wp-json\/wp\/v2\/posts"}],"about":[{"href":"https:\/\/haberkaradenizim.com\/index.php\/wp-json\/wp\/v2\/types\/post"}],"author":[{"embeddable":true,"href":"https:\/\/haberkaradenizim.com\/index.php\/wp-json\/wp\/v2\/users\/1"}],"replies":[{"embeddable":true,"href":"https:\/\/haberkaradenizim.com\/index.php\/wp-json\/wp\/v2\/comments?post=2687"}],"version-history":[{"count":0,"href":"https:\/\/haberkaradenizim.com\/index.php\/wp-json\/wp\/v2\/posts\/2687\/revisions"}],"wp:featuredmedia":[{"embeddable":true,"href":"https:\/\/haberkaradenizim.com\/index.php\/wp-json\/wp\/v2\/media\/2688"}],"wp:attachment":[{"href":"https:\/\/haberkaradenizim.com\/index.php\/wp-json\/wp\/v2\/media?parent=2687"}],"wp:term":[{"taxonomy":"category","embeddable":true,"href":"https:\/\/haberkaradenizim.com\/index.php\/wp-json\/wp\/v2\/categories?post=2687"},{"taxonomy":"post_tag","embeddable":true,"href":"https:\/\/haberkaradenizim.com\/index.php\/wp-json\/wp\/v2\/tags?post=2687"}],"curies":[{"name":"wp","href":"https:\/\/api.w.org\/{rel}","templated":true}]}}