{"id":2685,"date":"2023-12-19T15:19:58","date_gmt":"2023-12-19T12:19:58","guid":{"rendered":"https:\/\/haberkaradenizim.com\/index.php\/2023\/12\/19\/fenerbahce-haberi-caglar-soyuncu-ve-serdar-saatci-transferinde-flas-gelisme\/"},"modified":"2023-12-19T15:19:58","modified_gmt":"2023-12-19T12:19:58","slug":"fenerbahce-haberi-caglar-soyuncu-ve-serdar-saatci-transferinde-flas-gelisme","status":"publish","type":"post","link":"https:\/\/haberkaradenizim.com\/index.php\/2023\/12\/19\/fenerbahce-haberi-caglar-soyuncu-ve-serdar-saatci-transferinde-flas-gelisme\/","title":{"rendered":"FENERBAH\u00c7E HABER\u0130: \u00c7a\u011flar S\u00f6y\u00fcnc\u00fc ve Serdar Saat\u00e7\u0131 transferinde fla\u015f geli\u015fme"},"content":{"rendered":"<p><<img decoding=\"async\" src=\"https:\/\/iaftm.tmgrup.com.tr\/7f74d2\/622\/349\/0\/54\/943\/583?u=https:\/\/iftm.tmgrup.com.tr\/2023\/12\/19\/fenerbahce-haberi-caglar-soyuncu-ve-serdar-saatci-transferinde-flas-gelisme-1702985706904.jpg\" alt=\"FENERBAH\u00c7E HABER\u0130: \u00c7a\u011flar S\u00f6y\u00fcnc\u00fc ve Serdar Saat\u00e7\u0131 transferinde fla\u015f geli\u015fme\" \/><br \/>Son dakika spor haberleri: Fenerbah\u00e7e&#8217;de stoper takviyesi i\u00e7in transfer \u00e7al\u0131\u015fmalar\u0131 tam gaz devam ediyor. Sar\u0131-lacivertlilerin bir s\u00fcredir g\u00fcndeminde yer alan \u00c7a\u011flar S\u00f6y\u00fcnc\u00fc ve Serdar Saat\u00e7\u0131 transferinde&#8230;<a href=\"https:\/\/www.fotomac.com.tr\/fenerbahce\/2023\/12\/19\/fenerbahce-haberi-caglar-soyuncu-ve-serdar-saatci-transferinde-flas-gelisme\">Devam\u0131 i\u00e7in t\u0131klay\u0131n\u0131z<\/a><\/p>\n","protected":false},"excerpt":{"rendered":"","protected":false},"author":1,"featured_media":2686,"comment_status":"open","ping_status":"open","sticky":false,"template":"","format":"standard","meta":{"footnotes":""},"categories":[29],"tags":[],"class_list":["post-2685","post","type-post","status-publish","format-standard","has-post-thumbnail","hentry","category-spor"],"_links":{"self":[{"href":"https:\/\/haberkaradenizim.com\/index.php\/wp-json\/wp\/v2\/posts\/2685","targetHints":{"allow":["GET"]}}],"collection":[{"href":"https:\/\/haberkaradenizim.com\/index.php\/wp-json\/wp\/v2\/posts"}],"about":[{"href":"https:\/\/haberkaradenizim.com\/index.php\/wp-json\/wp\/v2\/types\/post"}],"author":[{"embeddable":true,"href":"https:\/\/haberkaradenizim.com\/index.php\/wp-json\/wp\/v2\/users\/1"}],"replies":[{"embeddable":true,"href":"https:\/\/haberkaradenizim.com\/index.php\/wp-json\/wp\/v2\/comments?post=2685"}],"version-history":[{"count":0,"href":"https:\/\/haberkaradenizim.com\/index.php\/wp-json\/wp\/v2\/posts\/2685\/revisions"}],"wp:featuredmedia":[{"embeddable":true,"href":"https:\/\/haberkaradenizim.com\/index.php\/wp-json\/wp\/v2\/media\/2686"}],"wp:attachment":[{"href":"https:\/\/haberkaradenizim.com\/index.php\/wp-json\/wp\/v2\/media?parent=2685"}],"wp:term":[{"taxonomy":"category","embeddable":true,"href":"https:\/\/haberkaradenizim.com\/index.php\/wp-json\/wp\/v2\/categories?post=2685"},{"taxonomy":"post_tag","embeddable":true,"href":"https:\/\/haberkaradenizim.com\/index.php\/wp-json\/wp\/v2\/tags?post=2685"}],"curies":[{"name":"wp","href":"https:\/\/api.w.org\/{rel}","templated":true}]}}