{"id":2679,"date":"2023-12-18T15:44:00","date_gmt":"2023-12-18T12:44:00","guid":{"rendered":"https:\/\/haberkaradenizim.com\/index.php\/2023\/12\/18\/memurlarin-2024-yilinda-vergi-matrahlari-ne-kadar-olacak\/"},"modified":"2023-12-18T15:44:00","modified_gmt":"2023-12-18T12:44:00","slug":"memurlarin-2024-yilinda-vergi-matrahlari-ne-kadar-olacak","status":"publish","type":"post","link":"https:\/\/haberkaradenizim.com\/index.php\/2023\/12\/18\/memurlarin-2024-yilinda-vergi-matrahlari-ne-kadar-olacak\/","title":{"rendered":"Memurlar\u0131n 2024 Y\u0131l\u0131nda Vergi Matrahlar\u0131 Ne Kadar Olacak?"},"content":{"rendered":"<div data-text-id=\"30738\" property=\"articleBody\">\n<p><strong><a href=\"https:\/\/www.saglikpersonelihaber.net\/haberleri\" class=\"internal_link\" target=\"_blank\" title=\"\" rel=\"noopener\">\u00a0\u0130\u015fte 2024 y\u0131l\u0131nda uygulanmas\u0131 beklenen vergi dilimi matrahlar\u0131:<\/strong><\/p>\n<p>110.000 TL&#8217;ye kadar olan gelirden %15<\/p>\n<p>110.001 &#8211; 230.000 TL&#8217;ye kadar olan gelirden %20<\/p>\n<p>230.001 &#8211; 870.000 TL&#8217;ye kadar olan gelirden %27<\/p>\n<p>870.001 &#8211; 3 milyon TL&#8217;ye kadar olan gelirden %35<\/p>\n<p>3.000.001 TL ve \u00fczeri gelirden %40<\/p>\n<div class=\"post-flash\">\n        <!--\n\n<h3 class=\"post-flash__title\">G&ouml;zden ka&ccedil;&#305;rmay&#305;n<\/h3>\n\n--><br \/>\n                <a href=\"https:\/\/www.saglikpersonelihaber.net\/bakan-simsek-duyurdu-2024te-ek-mtv-odenecek-mi\" class=\"post-flash__content\" target=\"_self\" title=\"Bakan \u015eim\u015fek Duyurdu! 2024'te Ek MTV \u00d6denecek mi?\" style=\"background-color: #1C38A6\" rel=\"noopener\"><br \/>\n            <img loading=\"lazy\" decoding=\"async\" src=\"https:\/\/saglikpersonelihabernet.teimg.com\/crop\/250x150\/saglikpersonelihaber-net\/uploads\/2023\/12\/2024-de-ek-mtv-odenecek-mi.jpg\" alt=\"Bakan \u015eim\u015fek Duyurdu! 2024'te Ek MTV \u00d6denecek mi?\" width=\"231\" height=\"140\" class=\"content-paragraph-image\"\/><br \/>\n            <span class=\"post-flash__heading\"><br \/>\n                <span class=\"post-flash__h4\">Bakan \u015eim\u015fek Duyurdu! 2024&#8217;te Ek MTV \u00d6denecek mi?<\/span><br \/>\n            <\/span><br \/>\n        <\/a>\n            <\/div>\n<p>Bu dilimlere g\u00f6re hesaplanacak gelir vergisi, \u00e7al\u0131\u015fanlar\u0131n maa\u015flar\u0131ndan kesilecek olan vergi miktar\u0131n\u0131 belirleyecek. Yeni vergi dilimi tarifesinin, T\u00dc\u0130K verilerine g\u00f6re belirlenen yeniden de\u011ferleme oran\u0131 kadar art\u0131r\u0131lmas\u0131 bekleniyor. Bu y\u0131l i\u00e7in a\u00e7\u0131klanan yeniden de\u011ferleme oran\u0131 y\u00fczde 58,46 olarak belirlendi.<\/p>\n<p>Vergi dilimlerinin a\u00e7\u0131klanmas\u0131yla birlikte memurlar, maa\u015flar\u0131ndan yap\u0131lacak vergi kesintilerini g\u00f6z \u00f6n\u00fcnde bulundurarak mali planlamalar\u0131n\u0131 yapacaklar. Resmi olarak yay\u0131mlanmas\u0131 beklenen yeni tarife, \u00e7al\u0131\u015fanlar\u0131n vergi durumlar\u0131n\u0131 netle\u015ftirecek .Memurlar\u0131 bekleyen vergi dilimi yenilikleri, maa\u015flar\u0131n yan\u0131 s\u0131ra genel mali durumlar\u0131n\u0131 da etkileyecek gibi g\u00f6r\u00fcn\u00fcyor.<\/p>\n<\/p><\/div>\n","protected":false},"excerpt":{"rendered":"<p>\u00a0\u0130\u015fte 2024 y\u0131l\u0131nda uygulanmas\u0131 beklenen vergi dilimi matrahlar\u0131: 110.000 TL&#8217;ye kadar olan gelirden %15 110.001<\/p>\n","protected":false},"author":1,"featured_media":2680,"comment_status":"open","ping_status":"open","sticky":false,"template":"","format":"standard","meta":{"footnotes":""},"categories":[27],"tags":[],"class_list":["post-2679","post","type-post","status-publish","format-standard","has-post-thumbnail","hentry","category-saglik"],"_links":{"self":[{"href":"https:\/\/haberkaradenizim.com\/index.php\/wp-json\/wp\/v2\/posts\/2679","targetHints":{"allow":["GET"]}}],"collection":[{"href":"https:\/\/haberkaradenizim.com\/index.php\/wp-json\/wp\/v2\/posts"}],"about":[{"href":"https:\/\/haberkaradenizim.com\/index.php\/wp-json\/wp\/v2\/types\/post"}],"author":[{"embeddable":true,"href":"https:\/\/haberkaradenizim.com\/index.php\/wp-json\/wp\/v2\/users\/1"}],"replies":[{"embeddable":true,"href":"https:\/\/haberkaradenizim.com\/index.php\/wp-json\/wp\/v2\/comments?post=2679"}],"version-history":[{"count":0,"href":"https:\/\/haberkaradenizim.com\/index.php\/wp-json\/wp\/v2\/posts\/2679\/revisions"}],"wp:featuredmedia":[{"embeddable":true,"href":"https:\/\/haberkaradenizim.com\/index.php\/wp-json\/wp\/v2\/media\/2680"}],"wp:attachment":[{"href":"https:\/\/haberkaradenizim.com\/index.php\/wp-json\/wp\/v2\/media?parent=2679"}],"wp:term":[{"taxonomy":"category","embeddable":true,"href":"https:\/\/haberkaradenizim.com\/index.php\/wp-json\/wp\/v2\/categories?post=2679"},{"taxonomy":"post_tag","embeddable":true,"href":"https:\/\/haberkaradenizim.com\/index.php\/wp-json\/wp\/v2\/tags?post=2679"}],"curies":[{"name":"wp","href":"https:\/\/api.w.org\/{rel}","templated":true}]}}