{"id":2673,"date":"2023-12-18T02:59:15","date_gmt":"2023-12-17T23:59:15","guid":{"rendered":"https:\/\/haberkaradenizim.com\/index.php\/2023\/12\/18\/real-madrid-4-1-villarreal-mac-sonucu-ozet-son-dakika-ispanya-la-liga-haberleri\/"},"modified":"2023-12-18T02:59:15","modified_gmt":"2023-12-17T23:59:15","slug":"real-madrid-4-1-villarreal-mac-sonucu-ozet-son-dakika-ispanya-la-liga-haberleri","status":"publish","type":"post","link":"https:\/\/haberkaradenizim.com\/index.php\/2023\/12\/18\/real-madrid-4-1-villarreal-mac-sonucu-ozet-son-dakika-ispanya-la-liga-haberleri\/","title":{"rendered":"Real Madrid 4-1 Villarreal MA\u00c7 SONUCU &#8211; \u00d6ZET &#8211; Son dakika \u0130spanya La Liga haberleri"},"content":{"rendered":"<p><<img decoding=\"async\" src=\"https:\/\/iaftm.tmgrup.com.tr\/fc141a\/622\/349\/0\/0\/1200\/673?u=https:\/\/iftm.tmgrup.com.tr\/2023\/12\/18\/real-madrid-4-1-villarreal-mac-sonucu-ozet-1702850374064.jpeg\" \/><\/p>\n<div id=\"\">&#13;<br \/>\n&#13;<br \/>\n&#13;<\/p>\n<p><a href=\"https:\/\/www.fotomac.com.tr\/haberleri\/real-madrid?id=059d61b3-092e-4e36-86ff-0abf2300ad7a\" class=\"\">Real Madrid<\/a> ile <a href=\"https:\/\/www.fotomac.com.tr\/haberleri\/villarreal?id=38aa141e-2153-4958-823d-13a13f999d0d\" class=\"\">Villarreal<\/a>, <a href=\"https:\/\/www.fotomac.com.tr\/haberleri\/ispanya-la-liga?id=670591e5-2b57-4571-b8f7-19302ef2f469\" class=\"\">\u0130spanya La Liga<\/a>&#8216;n\u0131n 17. haftas\u0131nda kozlar\u0131n\u0131 payla\u015ft\u0131. <a href=\"https:\/\/www.fotomac.com.tr\/haberleri\/santiago-bernabeu?id=725ab975-4573-4606-892f-9895d83e0012\" class=\"\">Santiago Bernabeu<\/a>&#8216;da oynanan m\u00fccadelede hakem <a href=\"https:\/\/www.fotomac.com.tr\/haberleri\/jorge-figueroa-vazquez?id=8306a4be-8121-4962-a667-90f5bc179e17\" class=\"\">Jorge Figueroa Vazquez<\/a> d\u00fcd\u00fck \u00e7ald\u0131.<\/p>\n<p>&#13;<\/p>\n<p>Kar\u015f\u0131la\u015fmay\u0131 4-1 kazanan ev sahibi ekip 3 puan\u0131n sahibi oldu. Real Madrid&#8217;e galibiyeti getiren golleri 25. dakikada Bellingham, 37. dakikada Rodrygo, 64. dakikada <a href=\"https:\/\/www.fotomac.com.tr\/haberleri\/diaz?id=db69b175-ee89-4855-8bfb-7838a7cbab16\" class=\"\">Diaz<\/a> ve 68. dakikada Modric att\u0131. Villarreal&#8217;in tek gol\u00fc 54. dakikada <a href=\"https:\/\/www.fotomac.com.tr\/haberleri\/morales?id=7d41e915-b77e-456d-9d6c-e62dedce83b2\" class=\"\">Morales<\/a>&#8216;ten geldi.<\/p>\n<p>&#13;<\/p>\n<p>Bu sonu\u00e7la Real Madrid puan\u0131n\u0131 42&#8217;ye y\u00fckseltti. Villarreal ise 16 puanda kald\u0131.<\/p>\n<p>&#13;<br \/>\n&#13;<br \/>\n&#13;<br \/>\n&#13;<br \/>\n&#13;<br \/>\n&#13;\n                <\/p><\/div>\n","protected":false},"excerpt":{"rendered":"","protected":false},"author":1,"featured_media":2674,"comment_status":"open","ping_status":"open","sticky":false,"template":"","format":"standard","meta":{"footnotes":""},"categories":[29],"tags":[],"class_list":["post-2673","post","type-post","status-publish","format-standard","has-post-thumbnail","hentry","category-spor"],"_links":{"self":[{"href":"https:\/\/haberkaradenizim.com\/index.php\/wp-json\/wp\/v2\/posts\/2673","targetHints":{"allow":["GET"]}}],"collection":[{"href":"https:\/\/haberkaradenizim.com\/index.php\/wp-json\/wp\/v2\/posts"}],"about":[{"href":"https:\/\/haberkaradenizim.com\/index.php\/wp-json\/wp\/v2\/types\/post"}],"author":[{"embeddable":true,"href":"https:\/\/haberkaradenizim.com\/index.php\/wp-json\/wp\/v2\/users\/1"}],"replies":[{"embeddable":true,"href":"https:\/\/haberkaradenizim.com\/index.php\/wp-json\/wp\/v2\/comments?post=2673"}],"version-history":[{"count":0,"href":"https:\/\/haberkaradenizim.com\/index.php\/wp-json\/wp\/v2\/posts\/2673\/revisions"}],"wp:featuredmedia":[{"embeddable":true,"href":"https:\/\/haberkaradenizim.com\/index.php\/wp-json\/wp\/v2\/media\/2674"}],"wp:attachment":[{"href":"https:\/\/haberkaradenizim.com\/index.php\/wp-json\/wp\/v2\/media?parent=2673"}],"wp:term":[{"taxonomy":"category","embeddable":true,"href":"https:\/\/haberkaradenizim.com\/index.php\/wp-json\/wp\/v2\/categories?post=2673"},{"taxonomy":"post_tag","embeddable":true,"href":"https:\/\/haberkaradenizim.com\/index.php\/wp-json\/wp\/v2\/tags?post=2673"}],"curies":[{"name":"wp","href":"https:\/\/api.w.org\/{rel}","templated":true}]}}