{"id":2671,"date":"2023-12-17T11:00:00","date_gmt":"2023-12-17T08:00:00","guid":{"rendered":"https:\/\/haberkaradenizim.com\/index.php\/2023\/12\/17\/bakan-kocadan-para-isareti-aciklamasi-ozur-dilemem-gereken-bir-durum-yok\/"},"modified":"2023-12-17T11:00:00","modified_gmt":"2023-12-17T08:00:00","slug":"bakan-kocadan-para-isareti-aciklamasi-ozur-dilemem-gereken-bir-durum-yok","status":"publish","type":"post","link":"https:\/\/haberkaradenizim.com\/index.php\/2023\/12\/17\/bakan-kocadan-para-isareti-aciklamasi-ozur-dilemem-gereken-bir-durum-yok\/","title":{"rendered":"Bakan Koca\u2019dan Para \u0130\u015fareti A\u00e7\u0131klamas\u0131: &#8220;\u00d6z\u00fcr Dilemem Gereken Bir Durum Yok.&#8221;"},"content":{"rendered":"<div data-text-id=\"30700\" property=\"articleBody\">\n<p><a href=\"https:\/\/www.saglikpersonelihaber.net\/haberleri\" class=\"internal_link\" target=\"_blank\" title=\"\" rel=\"noopener\">Bakan Koca, bug\u00fcn yap\u0131lan b\u00fct\u00e7e g\u00f6r\u00fc\u015fmelerinde konuyla ilgili ele\u015ftirilere yan\u0131t vererek, yapt\u0131\u011f\u0131 a\u00e7\u0131klamadan \u00f6t\u00fcr\u00fc \u00f6z\u00fcr dilemesi gerekti\u011fi y\u00f6n\u00fcndeki taleplere kar\u015f\u0131 net bir duru\u015f sergiledi. Koca, &#8220;\u00d6z\u00fcr dilemem gereken bir durum yok. Yapt\u0131\u011f\u0131m a\u00e7\u0131klama a\u00e7\u0131kt\u0131 ve amac\u0131n\u0131 anlamayanlar olmu\u015f olabilir.&#8221; \u015feklinde konu\u015ftu.<\/p>\n<p>Bakan\u0131n bu a\u00e7\u0131klamas\u0131, s\u00f6z konusu konu\u015fma nedeniyle olu\u015fan ele\u015ftirilere ve tepkilere kar\u015f\u0131 bir geri ad\u0131m at\u0131lmayaca\u011f\u0131n\u0131 g\u00f6sterdi.<\/p>\n<p><strong>&#8220;\u00d6z\u00fcr dilemekten \u00e7ekinecek biri de\u011filim&#8221;<\/strong><\/p>\n<div class=\"post-flash\">\n        <!--\n\n<h3 class=\"post-flash__title\">G&ouml;zden ka&ccedil;&#305;rmay&#305;n<\/h3>\n\n--><br \/>\n                <a href=\"https:\/\/www.saglikpersonelihaber.net\/sokak-kopekleri-hastane-koridorlarinda\" class=\"post-flash__content\" target=\"_self\" title=\"Sokak K\u00f6pekleri Hastane Koridorlar\u0131nda!\" style=\"background-color: #1C38A6\" rel=\"noopener\"><br \/>\n            <img loading=\"lazy\" decoding=\"async\" src=\"https:\/\/saglikpersonelihabernet.teimg.com\/crop\/250x150\/saglikpersonelihaber-net\/uploads\/2023\/12\/sokak-kopekleri-hastane-koridorlarinda.jpg\" alt=\"Sokak K\u00f6pekleri Hastane Koridorlar\u0131nda!\" width=\"231\" height=\"140\" class=\"content-paragraph-image\"\/><br \/>\n            <span class=\"post-flash__heading\"><br \/>\n                <span class=\"post-flash__h4\">Sokak K\u00f6pekleri Hastane Koridorlar\u0131nda!<\/span><br \/>\n            <\/span><br \/>\n        <\/a>\n            <\/div>\n<p>Koca, &#8220;Komisyonda yap\u0131lan para hareketi i\u00e7in meslekta\u015flar\u0131ma bir a\u00e7\u0131klama borcum var. Ben \u00f6z\u00fcr dilemekten \u00e7ekinecek biri de\u011filim. Hepiniz bunu gayet iyi biliyorsunuz. Burada \u00f6z\u00fcr dilemem gereken bir durum yok.&#8221; diye konu\u015ftu.<\/p>\n<p><strong>&#8220;S\u00f6z\u00fcm, Katar, Dubai ve Kuveyt gibi \u00fclkelere gidenler i\u00e7indi&#8221;<\/strong><\/p>\n<p>&#8220;Ancak meslekta\u015flar\u0131m\u0131za bir a\u00e7\u0131klama borcum var&#8221; diyen Koca, &#8220;Benim kast\u0131m geli\u015fmi\u015f \u00fclkelere yani \u0130ngiltere, Almanya gibi \u00fclkelere geli\u015fmi\u015flikleri sebebiyle gidilmesi de\u011fildi. En \u00e7ok hekim giden \u00fclkeler hangileri biliyor muyuz? Katar, Dubai ve Kuveyt. Bu \u00fclkeler i\u00e7indi. Bu \u00fclkelerin y\u00fcksek maa\u015f d\u0131\u015f\u0131nda benim g\u00f6remedi\u011fim, geli\u015fmi\u015f \u00fclkelerden \u00fcst\u00fcn bir taraf\u0131 m\u0131 var? Varsa buyrun s\u00f6yleyin. Yine de kast\u0131m\u0131 yanl\u0131\u015f anlayarak k\u0131rd\u0131\u011f\u0131m bir meslekta\u015f\u0131m varsa onlardan da \u00f6z\u00fcr dilerim.&#8221;<\/p>\n<\/p><\/div>\n","protected":false},"excerpt":{"rendered":"<p>Bakan Koca, bug\u00fcn yap\u0131lan b\u00fct\u00e7e g\u00f6r\u00fc\u015fmelerinde konuyla ilgili ele\u015ftirilere yan\u0131t vererek, yapt\u0131\u011f\u0131 a\u00e7\u0131klamadan \u00f6t\u00fcr\u00fc \u00f6z\u00fcr<\/p>\n","protected":false},"author":1,"featured_media":2672,"comment_status":"open","ping_status":"open","sticky":false,"template":"","format":"standard","meta":{"footnotes":""},"categories":[27],"tags":[],"class_list":["post-2671","post","type-post","status-publish","format-standard","has-post-thumbnail","hentry","category-saglik"],"_links":{"self":[{"href":"https:\/\/haberkaradenizim.com\/index.php\/wp-json\/wp\/v2\/posts\/2671","targetHints":{"allow":["GET"]}}],"collection":[{"href":"https:\/\/haberkaradenizim.com\/index.php\/wp-json\/wp\/v2\/posts"}],"about":[{"href":"https:\/\/haberkaradenizim.com\/index.php\/wp-json\/wp\/v2\/types\/post"}],"author":[{"embeddable":true,"href":"https:\/\/haberkaradenizim.com\/index.php\/wp-json\/wp\/v2\/users\/1"}],"replies":[{"embeddable":true,"href":"https:\/\/haberkaradenizim.com\/index.php\/wp-json\/wp\/v2\/comments?post=2671"}],"version-history":[{"count":0,"href":"https:\/\/haberkaradenizim.com\/index.php\/wp-json\/wp\/v2\/posts\/2671\/revisions"}],"wp:featuredmedia":[{"embeddable":true,"href":"https:\/\/haberkaradenizim.com\/index.php\/wp-json\/wp\/v2\/media\/2672"}],"wp:attachment":[{"href":"https:\/\/haberkaradenizim.com\/index.php\/wp-json\/wp\/v2\/media?parent=2671"}],"wp:term":[{"taxonomy":"category","embeddable":true,"href":"https:\/\/haberkaradenizim.com\/index.php\/wp-json\/wp\/v2\/categories?post=2671"},{"taxonomy":"post_tag","embeddable":true,"href":"https:\/\/haberkaradenizim.com\/index.php\/wp-json\/wp\/v2\/tags?post=2671"}],"curies":[{"name":"wp","href":"https:\/\/api.w.org\/{rel}","templated":true}]}}