{"id":2661,"date":"2023-12-16T13:16:34","date_gmt":"2023-12-16T10:16:34","guid":{"rendered":"https:\/\/haberkaradenizim.com\/index.php\/2023\/12\/16\/fenerbahce-haberleri-ismail-kartaldan-cengiz-undere-motivasyon-yuklemesi\/"},"modified":"2023-12-16T13:16:34","modified_gmt":"2023-12-16T10:16:34","slug":"fenerbahce-haberleri-ismail-kartaldan-cengiz-undere-motivasyon-yuklemesi","status":"publish","type":"post","link":"https:\/\/haberkaradenizim.com\/index.php\/2023\/12\/16\/fenerbahce-haberleri-ismail-kartaldan-cengiz-undere-motivasyon-yuklemesi\/","title":{"rendered":"FENERBAH\u00c7E HABERLER\u0130 &#8211; \u0130smail Kartal&#039;dan Cengiz \u00dcnder&#039;e motivasyon y\u00fcklemesi!"},"content":{"rendered":"<p><<img decoding=\"async\" src=\"https:\/\/iaftm.tmgrup.com.tr\/47b1b7\/622\/349\/0\/0\/943\/528?u=https:\/\/iftm.tmgrup.com.tr\/2023\/12\/16\/fenerbahce-haberleri-ismail-kartaldan-cengiz-undere-motivasyon-yuklemesi-1702719101115.jpg\" alt=\"FENERBAH\u00c7E HABERLER\u0130 - \u0130smail Kartal'dan Cengiz \u00dcnder'e motivasyon y\u00fcklemesi!\" \/><br \/>Son dakika Fenerbah\u00e7e haberleri&#8230; Sezon ba\u015f\u0131nda kadroya dahil edilen ancak ya\u015fad\u0131\u011f\u0131 sakatl\u0131klar nedeniyle hen\u00fcz performans veremeyen Cengiz \u00dcnder i\u00e7in \u0130smail Kartal harekete ge\u00e7ti. Deneyimli teknik direkt\u00f6r,&#8230;<a href=\"https:\/\/www.fotomac.com.tr\/fenerbahce\/2023\/12\/16\/fenerbahce-haberleri-ismail-kartaldan-cengiz-undere-motivasyon-yuklemesi\">Devam\u0131 i\u00e7in t\u0131klay\u0131n\u0131z<\/a><\/p>\n","protected":false},"excerpt":{"rendered":"","protected":false},"author":1,"featured_media":2662,"comment_status":"open","ping_status":"open","sticky":false,"template":"","format":"standard","meta":{"footnotes":""},"categories":[29],"tags":[],"class_list":["post-2661","post","type-post","status-publish","format-standard","has-post-thumbnail","hentry","category-spor"],"_links":{"self":[{"href":"https:\/\/haberkaradenizim.com\/index.php\/wp-json\/wp\/v2\/posts\/2661","targetHints":{"allow":["GET"]}}],"collection":[{"href":"https:\/\/haberkaradenizim.com\/index.php\/wp-json\/wp\/v2\/posts"}],"about":[{"href":"https:\/\/haberkaradenizim.com\/index.php\/wp-json\/wp\/v2\/types\/post"}],"author":[{"embeddable":true,"href":"https:\/\/haberkaradenizim.com\/index.php\/wp-json\/wp\/v2\/users\/1"}],"replies":[{"embeddable":true,"href":"https:\/\/haberkaradenizim.com\/index.php\/wp-json\/wp\/v2\/comments?post=2661"}],"version-history":[{"count":0,"href":"https:\/\/haberkaradenizim.com\/index.php\/wp-json\/wp\/v2\/posts\/2661\/revisions"}],"wp:featuredmedia":[{"embeddable":true,"href":"https:\/\/haberkaradenizim.com\/index.php\/wp-json\/wp\/v2\/media\/2662"}],"wp:attachment":[{"href":"https:\/\/haberkaradenizim.com\/index.php\/wp-json\/wp\/v2\/media?parent=2661"}],"wp:term":[{"taxonomy":"category","embeddable":true,"href":"https:\/\/haberkaradenizim.com\/index.php\/wp-json\/wp\/v2\/categories?post=2661"},{"taxonomy":"post_tag","embeddable":true,"href":"https:\/\/haberkaradenizim.com\/index.php\/wp-json\/wp\/v2\/tags?post=2661"}],"curies":[{"name":"wp","href":"https:\/\/api.w.org\/{rel}","templated":true}]}}