{"id":2647,"date":"2023-12-14T13:14:00","date_gmt":"2023-12-14T10:14:00","guid":{"rendered":"https:\/\/haberkaradenizim.com\/index.php\/2023\/12\/14\/saglik-sistemi-coktu-acil-kriz-masasi-olusturuldu\/"},"modified":"2023-12-14T13:14:00","modified_gmt":"2023-12-14T10:14:00","slug":"saglik-sistemi-coktu-acil-kriz-masasi-olusturuldu","status":"publish","type":"post","link":"https:\/\/haberkaradenizim.com\/index.php\/2023\/12\/14\/saglik-sistemi-coktu-acil-kriz-masasi-olusturuldu\/","title":{"rendered":"Sa\u011fl\u0131k Sistemi \u00c7\u00f6kt\u00fc! Acil Kriz Masas\u0131 Olu\u015fturuldu!"},"content":{"rendered":"<div data-text-id=\"30634\" property=\"articleBody\">\n<p><a href=\"https:\/\/www.saglikpersonelihaber.net\/haberleri\" class=\"internal_link\" target=\"_blank\" title=\"\" rel=\"noopener\">Adapazar\u0131 Milli Egemenlik Caddesi&#8217;nde bulunan Do\u011fumevi Hastanesi \u00e7evresinde faaliyet g\u00f6steren GSM operat\u00f6r\u00fcn\u00fcn hatas\u0131, Sakarya&#8217;daki vatanda\u015flar ve sa\u011fl\u0131k hizmetlerini olumsuz etkiledi.<\/p>\n<p>Kriz masas\u0131 Olu\u015fturuldu<\/p>\n<p>Yanl\u0131\u015fl\u0131kla ger\u00e7ekle\u015fen kablo hasar\u0131, hastane sunucular\u0131n\u0131n \u00e7\u00f6kmesine sebep oldu ve bu durum, randevusu olan hastalar\u0131n hastaneye giri\u015f yapamamas\u0131na, dolay\u0131s\u0131yla muayene olamamas\u0131na neden oldu. Sakarya genelinde geni\u015f \u00e7apl\u0131 bir sa\u011fl\u0131k krizi ortaya \u00e7\u0131kt\u0131. \u0130l Sa\u011fl\u0131k M\u00fcd\u00fcrl\u00fc\u011f\u00fc, bu beklenmedik duruma h\u0131zla m\u00fcdahale ederek kriz masas\u0131 olu\u015fturdu ve acil onar\u0131m \u00e7al\u0131\u015fmalar\u0131n\u0131 ba\u015flatt\u0131.<\/p>\n<div class=\"post-flash\">\n        <!--\n\n<h3 class=\"post-flash__title\">G&ouml;zden ka&ccedil;&#305;rmay&#305;n<\/h3>\n\n--><br \/>\n                <a href=\"https:\/\/www.saglikpersonelihaber.net\/calisma-ve-sosyal-guvenlik-bakanligindan-kamuda-calisma-saatlerine-duzenleme-yolda-mi\" class=\"post-flash__content\" target=\"_self\" title=\"\u00c7al\u0131\u015fma Ve Sosyal G\u00fcvenlik Bakanl\u0131\u011f\u0131\u2019ndan Kamuda \u00c7al\u0131\u015fma Saatlerine D\u00fczenleme Yolda m\u0131?\" style=\"background-color: #1C38A6\" rel=\"noopener\"><br \/>\n            <img loading=\"lazy\" decoding=\"async\" src=\"https:\/\/saglikpersonelihabernet.teimg.com\/crop\/250x150\/saglikpersonelihaber-net\/uploads\/2023\/12\/mesai-saatlei.jpg\" alt=\"\u00c7al\u0131\u015fma Ve Sosyal G\u00fcvenlik Bakanl\u0131\u011f\u0131\u2019ndan Kamuda \u00c7al\u0131\u015fma Saatlerine D\u00fczenleme Yolda m\u0131?\" width=\"231\" height=\"140\" class=\"content-paragraph-image\"\/><br \/>\n            <span class=\"post-flash__heading\"><br \/>\n                <span class=\"post-flash__h4\">\u00c7al\u0131\u015fma Ve Sosyal G\u00fcvenlik Bakanl\u0131\u011f\u0131\u2019ndan Kamuda \u00c7al\u0131\u015fma Saatlerine D\u00fczenleme Yolda m\u0131?<\/span><br \/>\n            <\/span><br \/>\n        <\/a>\n            <\/div>\n<p>Hasar\u0131n etkileri, hastane randevular\u0131n\u0131n aksamas\u0131yla s\u0131n\u0131rl\u0131 kalmayarak Sakarya&#8217;daki sa\u011fl\u0131k hizmetlerini genel anlamda etkiledi. Bu olay\u0131n sonu\u00e7lar\u0131, hem b\u00f6lgedeki vatanda\u015flar\u0131n sa\u011fl\u0131k hizmetlerine eri\u015fimini zorla\u015ft\u0131rd\u0131 hem de ilgili birimlerin acil \u00f6nlemler almas\u0131n\u0131 gerektirdi.<\/p>\n<p><strong>ONARIM \u00c7ALI\u015eMALARININ ARDINDAN S\u0130STEM GER\u0130 GELD\u0130<\/strong><\/p>\n<p>Hatan\u0131n tespit edilmesiyle birlikte, zarar g\u00f6ren kablolar\u0131n onar\u0131m i\u015flemlerine h\u0131zla ba\u015fland\u0131. Ekiplerin \u00e7al\u0131\u015fmas\u0131 sonras\u0131 hasar g\u00f6ren kablolar\u0131n tekrar aktif hale getirilerek sorun \u00e7\u00f6z\u00fcld\u00fc.<\/p>\n<p><strong>RANDEVUSU OLAN HASTALAR SIRAYLA MUAYENE ED\u0130LMEYE BA\u015eLANDI<\/strong><\/p>\n<p>Bu olay, Sakarya&#8217;daki vatanda\u015flar i\u00e7in b\u00fcy\u00fck bir ma\u011fduriyet yaratt\u0131. \u00d6zellikle acil sa\u011fl\u0131k hizmetlerine ihtiya\u00e7 duyan hastalar ve planlanm\u0131\u015f tedavi s\u00fcre\u00e7leri i\u00e7in hastaneye gelenler, bu durumdan olumsuz etkilendi. Ya\u015fanan bu ma\u011fduriyetin giderilmesi i\u00e7in bug\u00fcn randevusu olan hastalar, s\u0131rayla muayene edilmeye ba\u015fland\u0131.<\/p>\n<\/p><\/div>\n","protected":false},"excerpt":{"rendered":"<p>Adapazar\u0131 Milli Egemenlik Caddesi&#8217;nde bulunan Do\u011fumevi Hastanesi \u00e7evresinde faaliyet g\u00f6steren GSM operat\u00f6r\u00fcn\u00fcn hatas\u0131, Sakarya&#8217;daki vatanda\u015flar<\/p>\n","protected":false},"author":1,"featured_media":2648,"comment_status":"open","ping_status":"open","sticky":false,"template":"","format":"standard","meta":{"footnotes":""},"categories":[27],"tags":[],"class_list":["post-2647","post","type-post","status-publish","format-standard","has-post-thumbnail","hentry","category-saglik"],"_links":{"self":[{"href":"https:\/\/haberkaradenizim.com\/index.php\/wp-json\/wp\/v2\/posts\/2647","targetHints":{"allow":["GET"]}}],"collection":[{"href":"https:\/\/haberkaradenizim.com\/index.php\/wp-json\/wp\/v2\/posts"}],"about":[{"href":"https:\/\/haberkaradenizim.com\/index.php\/wp-json\/wp\/v2\/types\/post"}],"author":[{"embeddable":true,"href":"https:\/\/haberkaradenizim.com\/index.php\/wp-json\/wp\/v2\/users\/1"}],"replies":[{"embeddable":true,"href":"https:\/\/haberkaradenizim.com\/index.php\/wp-json\/wp\/v2\/comments?post=2647"}],"version-history":[{"count":0,"href":"https:\/\/haberkaradenizim.com\/index.php\/wp-json\/wp\/v2\/posts\/2647\/revisions"}],"wp:featuredmedia":[{"embeddable":true,"href":"https:\/\/haberkaradenizim.com\/index.php\/wp-json\/wp\/v2\/media\/2648"}],"wp:attachment":[{"href":"https:\/\/haberkaradenizim.com\/index.php\/wp-json\/wp\/v2\/media?parent=2647"}],"wp:term":[{"taxonomy":"category","embeddable":true,"href":"https:\/\/haberkaradenizim.com\/index.php\/wp-json\/wp\/v2\/categories?post=2647"},{"taxonomy":"post_tag","embeddable":true,"href":"https:\/\/haberkaradenizim.com\/index.php\/wp-json\/wp\/v2\/tags?post=2647"}],"curies":[{"name":"wp","href":"https:\/\/api.w.org\/{rel}","templated":true}]}}