{"id":2645,"date":"2023-12-14T11:56:14","date_gmt":"2023-12-14T08:56:14","guid":{"rendered":"https:\/\/haberkaradenizim.com\/index.php\/2023\/12\/14\/transfer-haberleri-fenerbahcenin-krunic-transferinde-yeni-gelisme-alternatifi-bulundu\/"},"modified":"2023-12-14T11:56:14","modified_gmt":"2023-12-14T08:56:14","slug":"transfer-haberleri-fenerbahcenin-krunic-transferinde-yeni-gelisme-alternatifi-bulundu","status":"publish","type":"post","link":"https:\/\/haberkaradenizim.com\/index.php\/2023\/12\/14\/transfer-haberleri-fenerbahcenin-krunic-transferinde-yeni-gelisme-alternatifi-bulundu\/","title":{"rendered":"TRANSFER HABERLER\u0130 &#8211; Fenerbah\u00e7e&#039;nin Krunic transferinde yeni geli\u015fme! Alternatifi bulundu"},"content":{"rendered":"<p><<img decoding=\"async\" src=\"https:\/\/iaftm.tmgrup.com.tr\/a1f1a2\/622\/349\/0\/0\/943\/528?u=https:\/\/iftm.tmgrup.com.tr\/2023\/12\/14\/transfer-haberleri-fenerbahcenin-krunic-transferinde-yeni-gelisme-alternatifi-bulundu-1702542511867.jpg\" alt=\"TRANSFER HABERLER\u0130 - Fenerbah\u00e7e'nin Krunic transferinde yeni geli\u015fme! Alternatifi bulundu\" \/><br \/>Son dakika Fenerbah\u00e7e transfer haberleri&#8230; Ara transfer d\u00f6nemini hareketli ge\u00e7irmesi beklenen Fenerbah\u00e7e&#8217;nin bir s\u00fcredir g\u00fcndeminde yer alan Rade Krunic&#8217;te yeni bir geli\u015fme ya\u015fand\u0131. \u0130\u015fte ayr\u0131nt\u0131lar&#8230;&#8230;<a href=\"https:\/\/www.fotomac.com.tr\/fenerbahce\/2023\/12\/14\/transfer-haberleri-fenerbahcenin-krunic-transferinde-yeni-gelisme-alternatifi-bulundu\">Devam\u0131 i\u00e7in t\u0131klay\u0131n\u0131z<\/a><\/p>\n","protected":false},"excerpt":{"rendered":"","protected":false},"author":1,"featured_media":2646,"comment_status":"open","ping_status":"open","sticky":false,"template":"","format":"standard","meta":{"footnotes":""},"categories":[29],"tags":[],"class_list":["post-2645","post","type-post","status-publish","format-standard","has-post-thumbnail","hentry","category-spor"],"_links":{"self":[{"href":"https:\/\/haberkaradenizim.com\/index.php\/wp-json\/wp\/v2\/posts\/2645","targetHints":{"allow":["GET"]}}],"collection":[{"href":"https:\/\/haberkaradenizim.com\/index.php\/wp-json\/wp\/v2\/posts"}],"about":[{"href":"https:\/\/haberkaradenizim.com\/index.php\/wp-json\/wp\/v2\/types\/post"}],"author":[{"embeddable":true,"href":"https:\/\/haberkaradenizim.com\/index.php\/wp-json\/wp\/v2\/users\/1"}],"replies":[{"embeddable":true,"href":"https:\/\/haberkaradenizim.com\/index.php\/wp-json\/wp\/v2\/comments?post=2645"}],"version-history":[{"count":0,"href":"https:\/\/haberkaradenizim.com\/index.php\/wp-json\/wp\/v2\/posts\/2645\/revisions"}],"wp:featuredmedia":[{"embeddable":true,"href":"https:\/\/haberkaradenizim.com\/index.php\/wp-json\/wp\/v2\/media\/2646"}],"wp:attachment":[{"href":"https:\/\/haberkaradenizim.com\/index.php\/wp-json\/wp\/v2\/media?parent=2645"}],"wp:term":[{"taxonomy":"category","embeddable":true,"href":"https:\/\/haberkaradenizim.com\/index.php\/wp-json\/wp\/v2\/categories?post=2645"},{"taxonomy":"post_tag","embeddable":true,"href":"https:\/\/haberkaradenizim.com\/index.php\/wp-json\/wp\/v2\/tags?post=2645"}],"curies":[{"name":"wp","href":"https:\/\/api.w.org\/{rel}","templated":true}]}}