{"id":2633,"date":"2023-12-12T22:36:49","date_gmt":"2023-12-12T19:36:49","guid":{"rendered":"https:\/\/haberkaradenizim.com\/index.php\/2023\/12\/12\/mke-ankaragucu-kulubunun-yeni-baskani-ismail-mert-firat-oldu-son-dakika-ankaragucu-haberleri\/"},"modified":"2023-12-12T22:36:49","modified_gmt":"2023-12-12T19:36:49","slug":"mke-ankaragucu-kulubunun-yeni-baskani-ismail-mert-firat-oldu-son-dakika-ankaragucu-haberleri","status":"publish","type":"post","link":"https:\/\/haberkaradenizim.com\/index.php\/2023\/12\/12\/mke-ankaragucu-kulubunun-yeni-baskani-ismail-mert-firat-oldu-son-dakika-ankaragucu-haberleri\/","title":{"rendered":"MKE Ankarag\u00fcc\u00fc Kul\u00fcb\u00fcn\u00fcn yeni ba\u015fkan\u0131 \u0130smail Mert F\u0131rat oldu &#8211; Son dakika Ankarag\u00fcc\u00fc haberleri"},"content":{"rendered":"<p><<img decoding=\"async\" src=\"https:\/\/iaftm.tmgrup.com.tr\/8cbe63\/622\/349\/0\/0\/658\/368?u=https:\/\/iftm.tmgrup.com.tr\/2023\/12\/12\/mke-ankaragucu-kulubunun-yeni-baskani-ismail-mert-firat-oldu-1702408470631.jpg\" \/><\/p>\n<div id=\"\">&#13;<br \/>\n&#13;<br \/>\n&#13;<\/p>\n<p>Kul\u00fcpten yap\u0131lan a\u00e7\u0131klamada, Be\u015ftepe Tesisleri&#8217;nde ola\u011fan\u00fcst\u00fc toplanan y\u00f6netim kurulunun <a href=\"https:\/\/www.fotomac.com.tr\/haberleri\/faruk-koca?id=3f0d5e9c-f30b-432c-ad31-64eea061819b\" class=\"\">Faruk Koca<\/a>&#8216;n\u0131n istifa dilek\u00e7esini i\u015fleme ald\u0131\u011f\u0131 belirtilerek, &#8220;Ba\u015fkan\u0131m\u0131z Say\u0131n Faruk Koca&#8217;n\u0131n istifas\u0131 neticesinde bo\u015falan y\u00f6netim kurulu ba\u015fkanl\u0131\u011f\u0131na, y\u00f6netim kurulu ba\u015fkan vekilimiz Say\u0131n <a href=\"https:\/\/www.fotomac.com.tr\/haberleri\/ismail-mert-firat?id=e3f88f75-3418-4a71-b68b-f922c9604609\" class=\"\">\u0130smail Mert F\u0131rat<\/a> oy birli\u011fi ile se\u00e7ilmi\u015ftir.&#8221; ifadeleri kullan\u0131ld\u0131.<\/p>\n<p>&#13;<br \/>\n&#13;<\/p>\n<p>Faruk Koca, \u00c7aykur Rizespor ile oynad\u0131klar\u0131 ma\u00e7\u0131n ard\u0131ndan hakem <a href=\"https:\/\/www.fotomac.com.tr\/haberleri\/halil-umut-meler?id=e9fb8ef1-f7fc-4ab3-909e-9751be5bea41\" class=\"\">Halil Umut Meler<\/a>&#8216;e yumruk atm\u0131\u015ft\u0131.<\/p>\n<p>&#13;<br \/>\n&#13;<br \/>\n&#13;\n                <\/p><\/div>\n","protected":false},"excerpt":{"rendered":"","protected":false},"author":1,"featured_media":2634,"comment_status":"open","ping_status":"open","sticky":false,"template":"","format":"standard","meta":{"footnotes":""},"categories":[29],"tags":[],"class_list":["post-2633","post","type-post","status-publish","format-standard","has-post-thumbnail","hentry","category-spor"],"_links":{"self":[{"href":"https:\/\/haberkaradenizim.com\/index.php\/wp-json\/wp\/v2\/posts\/2633","targetHints":{"allow":["GET"]}}],"collection":[{"href":"https:\/\/haberkaradenizim.com\/index.php\/wp-json\/wp\/v2\/posts"}],"about":[{"href":"https:\/\/haberkaradenizim.com\/index.php\/wp-json\/wp\/v2\/types\/post"}],"author":[{"embeddable":true,"href":"https:\/\/haberkaradenizim.com\/index.php\/wp-json\/wp\/v2\/users\/1"}],"replies":[{"embeddable":true,"href":"https:\/\/haberkaradenizim.com\/index.php\/wp-json\/wp\/v2\/comments?post=2633"}],"version-history":[{"count":0,"href":"https:\/\/haberkaradenizim.com\/index.php\/wp-json\/wp\/v2\/posts\/2633\/revisions"}],"wp:featuredmedia":[{"embeddable":true,"href":"https:\/\/haberkaradenizim.com\/index.php\/wp-json\/wp\/v2\/media\/2634"}],"wp:attachment":[{"href":"https:\/\/haberkaradenizim.com\/index.php\/wp-json\/wp\/v2\/media?parent=2633"}],"wp:term":[{"taxonomy":"category","embeddable":true,"href":"https:\/\/haberkaradenizim.com\/index.php\/wp-json\/wp\/v2\/categories?post=2633"},{"taxonomy":"post_tag","embeddable":true,"href":"https:\/\/haberkaradenizim.com\/index.php\/wp-json\/wp\/v2\/tags?post=2633"}],"curies":[{"name":"wp","href":"https:\/\/api.w.org\/{rel}","templated":true}]}}