{"id":2627,"date":"2023-12-11T20:53:00","date_gmt":"2023-12-11T17:53:00","guid":{"rendered":"https:\/\/haberkaradenizim.com\/index.php\/2023\/12\/11\/bakan-mehmet-simsek-gecen-gunlerde-vergiyi-tabana-yayacagiz-dedim-yanlis-anlasildim\/"},"modified":"2023-12-11T20:53:00","modified_gmt":"2023-12-11T17:53:00","slug":"bakan-mehmet-simsek-gecen-gunlerde-vergiyi-tabana-yayacagiz-dedim-yanlis-anlasildim","status":"publish","type":"post","link":"https:\/\/haberkaradenizim.com\/index.php\/2023\/12\/11\/bakan-mehmet-simsek-gecen-gunlerde-vergiyi-tabana-yayacagiz-dedim-yanlis-anlasildim\/","title":{"rendered":"Bakan Mehmet \u015eim\u015fek, &#8220;Ge\u00e7en G\u00fcnlerde &#8216;Vergiyi Tabana Yayaca\u011f\u0131z&#8217; dedim Yanl\u0131\u015f Anla\u015f\u0131ld\u0131m!"},"content":{"rendered":"<div data-text-id=\"30563\" property=\"articleBody\">\n<div class=\"post-flash\"><a href=\"https:\/\/www.saglikpersonelihaber.net\/haberleri\" class=\"internal_link\" target=\"_blank\" title=\"\" rel=\"noopener\"><br \/>\n        <!--\n\n<h3 class=\"post-flash__title\">G&ouml;zden ka&ccedil;&#305;rmay&#305;n<\/h3>\n\n--><br \/>\n                <a href=\"https:\/\/www.saglikpersonelihaber.net\/memurun-hatasindan-ameliyatlar-iptal-edildi-il-saglik-mudurlugunden-aciklama\" class=\"post-flash__content\" target=\"_self\" title=\"Memurun Hatas\u0131ndan Ameliyatlar \u0130ptal Edildi! \u0130l Sa\u011fl\u0131k M\u00fcd\u00fcrl\u00fc\u011f\u00fcnden A\u00e7\u0131klama!\" style=\"background-color: #1C38A6\" rel=\"noopener\"><br \/>\n            <img loading=\"lazy\" decoding=\"async\" src=\"https:\/\/saglikpersonelihabernet.teimg.com\/crop\/250x150\/saglikpersonelihaber-net\/uploads\/2023\/12\/sfg.jpg\" alt=\"Memurun Hatas\u0131ndan Ameliyatlar \u0130ptal Edildi! \u0130l Sa\u011fl\u0131k M\u00fcd\u00fcrl\u00fc\u011f\u00fcnden A\u00e7\u0131klama!\" width=\"231\" height=\"140\" class=\"content-paragraph-image\"\/><br \/>\n            <span class=\"post-flash__heading\"><br \/>\n                <span class=\"post-flash__h4\">Memurun Hatas\u0131ndan Ameliyatlar \u0130ptal Edildi! \u0130l Sa\u011fl\u0131k M\u00fcd\u00fcrl\u00fc\u011f\u00fcnden A\u00e7\u0131klama!<\/span><br \/>\n            <\/span><br \/>\n        <\/a>\n            <\/div>\n<p>Bakan \u015eim\u015fek, ge\u00e7ti\u011fimiz g\u00fcnlerde yapt\u0131\u011f\u0131 &#8220;vergiyi tabana yayaca\u011f\u0131z&#8221; a\u00e7\u0131klamas\u0131n\u0131n yanl\u0131\u015f anla\u015f\u0131ld\u0131\u011f\u0131n\u0131 ifade etti. Konu\u015fmas\u0131nda, &#8220;Burada listelenmek i\u00e7in kay\u0131t yapt\u0131rmak d\u0131\u015f\u0131nda m\u00fccadele etmekti. Vergi reformlar\u0131 ile vergi \u00f6demeyenlerin \u00fczerine gidece\u011fiz demek istedim. Vergide adaleti iyile\u015ftirmemiz laz\u0131m&#8221; \u015feklinde a\u00e7\u0131klamalarda bulundu.<\/p>\n<p>Bakan \u015eim\u015fek, ekonomik iyile\u015fme s\u00fcrecinin devam etti\u011fini belirterek, \u00fclkenin finansal istikrar\u0131n\u0131 sa\u011flamak i\u00e7in \u00e7e\u015fitli reformlar ger\u00e7ekle\u015ftirdiklerini ve bu \u00e7er\u00e7evede vergi adaletini art\u0131rmaya y\u00f6nelik ad\u0131mlar atacaklar\u0131n\u0131 vurgulad\u0131.<\/p>\n<\/p><\/div>\n","protected":false},"excerpt":{"rendered":"<p>Memurun Hatas\u0131ndan Ameliyatlar \u0130ptal Edildi! \u0130l Sa\u011fl\u0131k M\u00fcd\u00fcrl\u00fc\u011f\u00fcnden A\u00e7\u0131klama! Bakan \u015eim\u015fek, ge\u00e7ti\u011fimiz g\u00fcnlerde yapt\u0131\u011f\u0131 &#8220;vergiyi<\/p>\n","protected":false},"author":1,"featured_media":2628,"comment_status":"open","ping_status":"open","sticky":false,"template":"","format":"standard","meta":{"footnotes":""},"categories":[27],"tags":[],"class_list":["post-2627","post","type-post","status-publish","format-standard","has-post-thumbnail","hentry","category-saglik"],"_links":{"self":[{"href":"https:\/\/haberkaradenizim.com\/index.php\/wp-json\/wp\/v2\/posts\/2627","targetHints":{"allow":["GET"]}}],"collection":[{"href":"https:\/\/haberkaradenizim.com\/index.php\/wp-json\/wp\/v2\/posts"}],"about":[{"href":"https:\/\/haberkaradenizim.com\/index.php\/wp-json\/wp\/v2\/types\/post"}],"author":[{"embeddable":true,"href":"https:\/\/haberkaradenizim.com\/index.php\/wp-json\/wp\/v2\/users\/1"}],"replies":[{"embeddable":true,"href":"https:\/\/haberkaradenizim.com\/index.php\/wp-json\/wp\/v2\/comments?post=2627"}],"version-history":[{"count":0,"href":"https:\/\/haberkaradenizim.com\/index.php\/wp-json\/wp\/v2\/posts\/2627\/revisions"}],"wp:featuredmedia":[{"embeddable":true,"href":"https:\/\/haberkaradenizim.com\/index.php\/wp-json\/wp\/v2\/media\/2628"}],"wp:attachment":[{"href":"https:\/\/haberkaradenizim.com\/index.php\/wp-json\/wp\/v2\/media?parent=2627"}],"wp:term":[{"taxonomy":"category","embeddable":true,"href":"https:\/\/haberkaradenizim.com\/index.php\/wp-json\/wp\/v2\/categories?post=2627"},{"taxonomy":"post_tag","embeddable":true,"href":"https:\/\/haberkaradenizim.com\/index.php\/wp-json\/wp\/v2\/tags?post=2627"}],"curies":[{"name":"wp","href":"https:\/\/api.w.org\/{rel}","templated":true}]}}