{"id":2623,"date":"2023-12-11T10:51:00","date_gmt":"2023-12-11T07:51:00","guid":{"rendered":"https:\/\/haberkaradenizim.com\/index.php\/2023\/12\/11\/yeni-yargi-paketinde-neler-var\/"},"modified":"2023-12-11T10:51:00","modified_gmt":"2023-12-11T07:51:00","slug":"yeni-yargi-paketinde-neler-var","status":"publish","type":"post","link":"https:\/\/haberkaradenizim.com\/index.php\/2023\/12\/11\/yeni-yargi-paketinde-neler-var\/","title":{"rendered":"Yeni Yarg\u0131 Paketinde Neler Var?"},"content":{"rendered":"<div data-text-id=\"30542\" property=\"articleBody\">\n<p><a href=\"https:\/\/www.saglikpersonelihaber.net\/haberleri\" class=\"internal_link\" target=\"_blank\" title=\"\" rel=\"noopener\">Yeni yarg\u0131 paketi, Adalet Bakanl\u0131\u011f\u0131 taraf\u0131ndan haz\u0131rlanan 67 maddelik 8. Yarg\u0131 Paketi olarak adland\u0131r\u0131l\u0131yor. Detaylar\u0131 netle\u015fen pakete g\u00f6re, adli para cezalar\u0131nda \u00f6nemli de\u011fi\u015fiklikler yap\u0131lacak. Bir g\u00fcn kar\u015f\u0131l\u0131\u011f\u0131 adli para cezas\u0131n\u0131n alt s\u0131n\u0131r\u0131 art\u0131k 100 lira olacakken, \u00fcst s\u0131n\u0131r\u0131 500 liraya \u00e7\u0131kar\u0131lacak. Mahkemelerce do\u011frudan verilen adli para cezalar\u0131nda kesinlik s\u0131n\u0131r\u0131 ise 3 bin TL&#8217;den 15 bin TL&#8217;ye y\u00fckseltilecek.<\/p>\n<p>CEZA ALMAYAN KALMAYACAK<\/p>\n<p>Bir g\u00fcn kar\u015f\u0131l\u0131\u011f\u0131 adli para cezas\u0131n\u0131n alt s\u0131n\u0131r\u0131 20 liradan 100 liraya, \u00fcst s\u0131n\u0131r ise 100 liradan 500 liraya \u00e7\u0131kar\u0131lacak. Denetimli serbestlikte yap\u0131lacak d\u00fczenlemeyle her h\u00fck\u00fcml\u00fcye 1 y\u0131l uygulamak yerine cezayla orant\u0131l\u0131 olarak uygulanacak. H\u00fck\u00fcml\u00fc cezas\u0131n\u0131n en az y\u00fczde 40\u2019\u0131n\u0131 cezaevinde ge\u00e7irecek. \u00d6rne\u011fin, 1 ay ceza alan ki\u015fi 12 g\u00fcn ceza infaz kurumunda yatacak. Denetimli serbestlik s\u00fcresi ise 3 y\u0131l\u0131 a\u015famayacak.<\/p>\n<p><strong>NOTERLERE YE\u015e\u0130L PASAPORT<\/strong><\/p>\n<p>Her y\u0131l mart ay\u0131nda yap\u0131lan noter \u00fccretleri d\u00fczenlemesi ocak ay\u0131na al\u0131nacak. Ara\u00e7 al\u0131m sat\u0131mlarda al\u0131nan \u00fccretin y\u00fczde 10&#8217;u T\u00fcrkiye Noterler Birli\u011fi&#8217;ne verilecek. Noterliklerde yap\u0131lan i\u015flemlere kredi kart\u0131yla \u00f6deme imkan\u0131 sa\u011flanacak. G\u00f6rev s\u00fcresi boyunca noterlere ye\u015fil pasaport verilecek.<\/p>\n<p><strong>SOYBA\u011eI REDD\u0130 DAVASI A\u00c7ILAB\u0130LECEK<\/strong><\/p>\n<p>AYM\u2019nin iptal karar\u0131 do\u011frultusunda, T\u00fcrk Medeni Kanunu&#8217;nun kad\u0131nlara erke\u011fin soyad\u0131n\u0131 alma zorunlulu\u011funu kapsayan madde yeniden d\u00fczenleniyor. Anneye, baba ile \u00e7ocuk aras\u0131ndaki soyba\u011f\u0131n\u0131n reddi davas\u0131n\u0131 a\u00e7ma imk\u00e2n\u0131 verilecek.<\/p>\n<p><strong>20 YILLIK HUKUK\u00c7ULARA SINAVSIZ ARABULUCULUK<\/strong><\/p>\n<div class=\"post-flash\">\n        <!--\n\n<h3 class=\"post-flash__title\">G&ouml;zden ka&ccedil;&#305;rmay&#305;n<\/h3>\n\n--><br \/>\n                <a href=\"https:\/\/www.saglikpersonelihaber.net\/bashekim-meclis-uyesi-aday-adayligi-basvurusu-yapti\" class=\"post-flash__content\" target=\"_self\" title=\"Ba\u015fhekim Meclis \u00dcyesi Aday Adayl\u0131\u011f\u0131 Ba\u015fvurusu Yapt\u0131!\" style=\"background-color: #A61C1E\" rel=\"noopener\"><br \/>\n            <img loading=\"lazy\" decoding=\"async\" src=\"https:\/\/saglikpersonelihabernet.teimg.com\/crop\/250x150\/saglikpersonelihaber-net\/uploads\/2023\/12\/devrim.jpg\" alt=\"Ba\u015fhekim Meclis \u00dcyesi Aday Adayl\u0131\u011f\u0131 Ba\u015fvurusu Yapt\u0131!\" width=\"231\" height=\"140\" class=\"content-paragraph-image\"\/><br \/>\n            <span class=\"post-flash__heading\"><br \/>\n                <span class=\"post-flash__h4\">Ba\u015fhekim Meclis \u00dcyesi Aday Adayl\u0131\u011f\u0131 Ba\u015fvurusu Yapt\u0131!<\/span><br \/>\n            <\/span><br \/>\n        <\/a>\n            <\/div>\n<p>Arabuluculuk sistemi de d\u00fczenleniyor. 20 y\u0131l k\u0131deme sahip hukuk\u00e7ular s\u0131navs\u0131z olarak arabulucu olabilecek. Uzla\u015fma g\u00f6r\u00fc\u015fmeleri s\u0131ras\u0131nda tespit edilemeyen veya uzla\u015fmadan sonra ortaya \u00e7\u0131kan zararlara ili\u015fkin tazminat davas\u0131 a\u00e7\u0131labilecek. Hakk\u0131nda ikinci defa tekerr\u00fcr h\u00fck\u00fcmleri uygulanan h\u00fck\u00fcml\u00fclerin mahk\u00fbm olduklar\u0131 s\u00fcreli hapis cezas\u0131n\u0131n d\u00f6rtte \u00fc\u00e7\u00fcn\u00fc infaz kurumunda iyi h\u00e2lli olarak ge\u00e7irmeleri halinde ko\u015fullu sal\u0131verilmeden yararlanabilecek.<\/p>\n<p><strong>ADL\u0130 YARDIM \u00d6DENE\u011e\u0130\u2019NE D\u00dcZENLEME<\/strong><\/p>\n<p>\u0130tiraz, istinaf ve temyiz kanun yollar\u0131na ba\u015fvuru s\u00fcreleri 7 g\u00fcnden 2 haftaya \u00e7\u0131kar\u0131lacak. Hakaret su\u00e7unun sesli, yaz\u0131l\u0131 veya g\u00f6r\u00fcnt\u00fcl\u00fc bir iletiyle i\u015flenmesi hali, uzla\u015ft\u0131rma kapsam\u0131ndan \u00e7\u0131kart\u0131larak \u00f6n \u00f6deme kapsam\u0131na al\u0131nacak. Ayr\u0131ca, \u015fik\u00e2yete tabi olan hakaret su\u00e7unda \u015fik\u00e2yet s\u00fcresi 1 y\u0131l\u0131 ge\u00e7meyecek. A\u011f\u0131r ceza mahkemesinin tazminat istemlerine ili\u015fkin verdi\u011fi kararlara kar\u015f\u0131 istinafa ba\u015fvuru yap\u0131labilecek. B\u00f6lge adliye mahkemesi taraf\u0131ndan bu konuda verilen kararlar kesin olacak. Birden fazla baronun bulundu\u011fu illerde barolara g\u00f6nderilecek adli yard\u0131m \u00f6dene\u011fi oran\u0131 yeniden belirlenecek.<\/p>\n<p><strong>TAZM\u0130NAT KOM\u0130SYONU&#8217;NA YEN\u0130 G\u00d6REVLER<\/strong><\/p>\n<p>\u0130nsan Haklar\u0131 Tazminat Komisyonu\u2019na da yeni g\u00f6revler verilecek. Buna g\u00f6re, Ceza hukuku kapsam\u0131ndaki soru\u015fturma ve kovu\u015fturmalarla \u00f6zel hukuk ve idare hukukundaki yarg\u0131lamalar\u0131n makul s\u00fcrede sonu\u00e7land\u0131r\u0131lmad\u0131\u011f\u0131 iddias\u0131yla yap\u0131lacak manevi tazminat talepleri Anayasa Mahkemesi (AYM) yerine, Tazminat Komisyonu\u2019na yap\u0131lacak. Komisyon tazminatla ilgili verilen kararlara kar\u015f\u0131 Ankara B\u00f6lge \u0130dare Mahkemesi\u2019ne itiraz edilebilecek. Mahkeme itiraz\u0131 kabul ederse \u2018kesin karar\u2019 olarak verecek. Ayr\u0131ca, makul s\u00fcrede yarg\u0131lanman\u0131n ihlal edildi\u011fi iddias\u0131yla yap\u0131lan, AYM\u2019de derdest olan bireysel ba\u015fvuruyla mahkemenin \u2018incelemenin s\u00fcrd\u00fcr\u00fclmesini hakl\u0131 k\u0131lan bir neden g\u00f6r\u00fclmedi\u011fi\u2019 gerek\u00e7esiyle d\u00fc\u015fme karar\u0131 verdi\u011fi bireysel ba\u015fvurularla ilgili de bu komisyona m\u00fcracaat edilebilecek.<\/p>\n<\/p><\/div>\n","protected":false},"excerpt":{"rendered":"<p>Yeni yarg\u0131 paketi, Adalet Bakanl\u0131\u011f\u0131 taraf\u0131ndan haz\u0131rlanan 67 maddelik 8. Yarg\u0131 Paketi olarak adland\u0131r\u0131l\u0131yor. Detaylar\u0131<\/p>\n","protected":false},"author":1,"featured_media":2624,"comment_status":"open","ping_status":"open","sticky":false,"template":"","format":"standard","meta":{"footnotes":""},"categories":[27],"tags":[],"class_list":["post-2623","post","type-post","status-publish","format-standard","has-post-thumbnail","hentry","category-saglik"],"_links":{"self":[{"href":"https:\/\/haberkaradenizim.com\/index.php\/wp-json\/wp\/v2\/posts\/2623","targetHints":{"allow":["GET"]}}],"collection":[{"href":"https:\/\/haberkaradenizim.com\/index.php\/wp-json\/wp\/v2\/posts"}],"about":[{"href":"https:\/\/haberkaradenizim.com\/index.php\/wp-json\/wp\/v2\/types\/post"}],"author":[{"embeddable":true,"href":"https:\/\/haberkaradenizim.com\/index.php\/wp-json\/wp\/v2\/users\/1"}],"replies":[{"embeddable":true,"href":"https:\/\/haberkaradenizim.com\/index.php\/wp-json\/wp\/v2\/comments?post=2623"}],"version-history":[{"count":0,"href":"https:\/\/haberkaradenizim.com\/index.php\/wp-json\/wp\/v2\/posts\/2623\/revisions"}],"wp:featuredmedia":[{"embeddable":true,"href":"https:\/\/haberkaradenizim.com\/index.php\/wp-json\/wp\/v2\/media\/2624"}],"wp:attachment":[{"href":"https:\/\/haberkaradenizim.com\/index.php\/wp-json\/wp\/v2\/media?parent=2623"}],"wp:term":[{"taxonomy":"category","embeddable":true,"href":"https:\/\/haberkaradenizim.com\/index.php\/wp-json\/wp\/v2\/categories?post=2623"},{"taxonomy":"post_tag","embeddable":true,"href":"https:\/\/haberkaradenizim.com\/index.php\/wp-json\/wp\/v2\/tags?post=2623"}],"curies":[{"name":"wp","href":"https:\/\/api.w.org\/{rel}","templated":true}]}}