{"id":2621,"date":"2023-12-11T10:22:57","date_gmt":"2023-12-11T07:22:57","guid":{"rendered":"https:\/\/haberkaradenizim.com\/index.php\/2023\/12\/11\/besiktasta-flas-karar-riza-calimbay\/"},"modified":"2023-12-11T10:22:57","modified_gmt":"2023-12-11T07:22:57","slug":"besiktasta-flas-karar-riza-calimbay","status":"publish","type":"post","link":"https:\/\/haberkaradenizim.com\/index.php\/2023\/12\/11\/besiktasta-flas-karar-riza-calimbay\/","title":{"rendered":"Be\u015fikta\u015f&#039;ta fla\u015f karar! R\u0131za \u00c7al\u0131mbay&#8230;"},"content":{"rendered":"<p><<img decoding=\"async\" src=\"https:\/\/iaftm.tmgrup.com.tr\/2b7ff7\/622\/349\/0\/0\/1600\/898?u=https:\/\/iftm.tmgrup.com.tr\/2023\/12\/11\/besiktasta-flas-karar-riza-calimbay-1702276823479.jpeg\" alt=\"Be\u015fikta\u015f'ta fla\u015f karar! R\u0131za \u00c7al\u0131mbay...\" \/><br \/>Son dakika Be\u015fikta\u015f haberleri: S\u00fcper Lig&#8217;in 15. haftas\u0131ndaki dev derbide Fenerbah\u00e7e&#8217;ye 3-1 ma\u011flup olan Be\u015fikta\u015f&#8217;ta yeni ba\u015fkan Hasan Arat, yabanc\u0131 adaylar\u0131n\u0131n oldu\u011funu ancak tak\u0131m\u0131n ba\u015f\u0131na R\u0131za \u00c7al\u0131mbay&#8230;<a href=\"https:\/\/www.fotomac.com.tr\/besiktas\/2023\/12\/11\/besiktasta-flas-karar-riza-calimbay\">Devam\u0131 i\u00e7in t\u0131klay\u0131n\u0131z<\/a><\/p>\n","protected":false},"excerpt":{"rendered":"","protected":false},"author":1,"featured_media":2622,"comment_status":"open","ping_status":"open","sticky":false,"template":"","format":"standard","meta":{"footnotes":""},"categories":[29],"tags":[],"class_list":["post-2621","post","type-post","status-publish","format-standard","has-post-thumbnail","hentry","category-spor"],"_links":{"self":[{"href":"https:\/\/haberkaradenizim.com\/index.php\/wp-json\/wp\/v2\/posts\/2621","targetHints":{"allow":["GET"]}}],"collection":[{"href":"https:\/\/haberkaradenizim.com\/index.php\/wp-json\/wp\/v2\/posts"}],"about":[{"href":"https:\/\/haberkaradenizim.com\/index.php\/wp-json\/wp\/v2\/types\/post"}],"author":[{"embeddable":true,"href":"https:\/\/haberkaradenizim.com\/index.php\/wp-json\/wp\/v2\/users\/1"}],"replies":[{"embeddable":true,"href":"https:\/\/haberkaradenizim.com\/index.php\/wp-json\/wp\/v2\/comments?post=2621"}],"version-history":[{"count":0,"href":"https:\/\/haberkaradenizim.com\/index.php\/wp-json\/wp\/v2\/posts\/2621\/revisions"}],"wp:featuredmedia":[{"embeddable":true,"href":"https:\/\/haberkaradenizim.com\/index.php\/wp-json\/wp\/v2\/media\/2622"}],"wp:attachment":[{"href":"https:\/\/haberkaradenizim.com\/index.php\/wp-json\/wp\/v2\/media?parent=2621"}],"wp:term":[{"taxonomy":"category","embeddable":true,"href":"https:\/\/haberkaradenizim.com\/index.php\/wp-json\/wp\/v2\/categories?post=2621"},{"taxonomy":"post_tag","embeddable":true,"href":"https:\/\/haberkaradenizim.com\/index.php\/wp-json\/wp\/v2\/tags?post=2621"}],"curies":[{"name":"wp","href":"https:\/\/api.w.org\/{rel}","templated":true}]}}