{"id":2609,"date":"2023-12-09T21:43:16","date_gmt":"2023-12-09T18:43:16","guid":{"rendered":"https:\/\/haberkaradenizim.com\/index.php\/2023\/12\/09\/fenerbahcenin-ismail-kartal-uguru-2014ten-sonra-son-dakika-fenerbahce-haberleri\/"},"modified":"2023-12-09T21:43:16","modified_gmt":"2023-12-09T18:43:16","slug":"fenerbahcenin-ismail-kartal-uguru-2014ten-sonra-son-dakika-fenerbahce-haberleri","status":"publish","type":"post","link":"https:\/\/haberkaradenizim.com\/index.php\/2023\/12\/09\/fenerbahcenin-ismail-kartal-uguru-2014ten-sonra-son-dakika-fenerbahce-haberleri\/","title":{"rendered":"Fenerbah\u00e7e\u2019nin \u0130smail Kartal u\u011furu! 2014\u2019ten sonra&#8230; &#8211; Son dakika Fenerbah\u00e7e haberleri"},"content":{"rendered":"<p><<img decoding=\"async\" src=\"https:\/\/iaftm.tmgrup.com.tr\/3b78b9\/622\/349\/0\/73\/2048\/1221?u=https:\/\/iftm.tmgrup.com.tr\/2023\/12\/09\/fenerbahcenin-ismail-kartal-uguru-2014ten-sonra-1702146377482.jpg\" \/><\/p>\n<div id=\"\">&#13;<br \/>\n&#13;<br \/>\n&#13;<\/p>\n<p><a href=\"https:\/\/www.fotomac.com.tr\/haberleri\/fenerbahce?id=65439000-410e-4c14-94da-0622ac043911\" class=\"\">Fenerbah\u00e7e<\/a>, <a href=\"https:\/\/www.fotomac.com.tr\/haberleri\/trendyol-super-lig?id=c646db9d-dc1d-4a6c-be82-0a30412df6c3\" class=\"\">Trendyol S\u00fcper Lig<\/a>&#8216;in 15. haftas\u0131nda deplasmanda <a href=\"https:\/\/www.fotomac.com.tr\/haberleri\/besiktas?id=28fd8829-36bc-4b06-8a71-33cb4902d706\" class=\"\">Be\u015fikta\u015f<\/a> ile kozlar\u0131n\u0131 payla\u015ft\u0131.<\/p>\n<p>&#13;<br \/>\n&#13;<\/p>\n<p>Sar\u0131-lacivertliler, <a href=\"https:\/\/www.fotomac.com.tr\/haberleri\/dolmabahce?id=70cf4559-a380-4cd8-8709-a52c0a4d1322\" class=\"\">Dolmabah\u00e7e<\/a>&#8216;den 3-1 skorla galip \u00e7\u0131kmay\u0131 ba\u015fard\u0131.<\/p>\n<p>&#13;<br \/>\n&#13;<\/p>\n<p>Kanarya&#8217;ya galibiyeti getiren golleri <a href=\"https:\/\/www.fotomac.com.tr\/haberleri\/dzeko?id=d1c1f6d4-da0d-4272-9089-362f938acbad\" class=\"\">Dzeko<\/a>, penalt\u0131dan <a href=\"https:\/\/www.fotomac.com.tr\/haberleri\/tadic?id=bf1a8333-c511-410f-879e-437e524f2ab0\" class=\"\">Tadic<\/a> ve <a href=\"https:\/\/www.fotomac.com.tr\/haberleri\/szymanski?id=466a2b03-b0bf-4b4d-ad82-956e926fed11\" class=\"\">Szymanski<\/a> kaydetti.<\/p>\n<p>&#13;<br \/>\n&#13;<\/p>\n<p>Fenerbah\u00e7e, bu galibiyetle ezeli rakibine kar\u015f\u0131 2014&#8217;ten bu yana s\u00fcren deplasman galibiyeti hasretini sonland\u0131rd\u0131.<\/p>\n<p>&#13;<br \/>\n&#13;<\/p>\n<p>9 y\u0131ll\u0131k hasrete yine <a href=\"https:\/\/www.fotomac.com.tr\/haberleri\/ismail-kartal?id=d624d7e9-40f1-4094-81be-23ade98e130a\" class=\"\">\u0130smail Kartal<\/a> son verdi.<\/p>\n<p>&#13;<br \/>\n&#13;<\/p>\n<p>Be\u015fikta\u015f&#8217;\u0131 en son Dolmabah\u00e7e&#8217;de 2 Kas\u0131m 2014&#8217;te ma\u011flup etmeyi ba\u015faran sar\u0131-lacivertlilerde teknik direkt\u00f6rl\u00fck koltu\u011funda yine \u0130smail Kartal oturuyordu.<\/p>\n<p>&#13;<br \/>\n&#13;<\/p>\n<p>Fenerbah\u00e7e, 2014-2015 sezonundaki ma\u00e7ta <a href=\"https:\/\/www.fotomac.com.tr\/haberleri\/emenike?id=73c38139-2e1b-425d-91c3-a8f7b2993a1f\" class=\"\">Emenike<\/a> ve <a href=\"https:\/\/www.fotomac.com.tr\/haberleri\/sow?id=b7ab1bbd-8b17-4ecc-84e1-9accc0d877c2\" class=\"\">Sow<\/a>&#8216;un golleriyle ezeli rakibini deplasmanda yenmeyi ba\u015farm\u0131\u015ft\u0131.<\/p>\n<p>&#13;<br \/>\n&#13;<br \/>\n                            &#13;<br \/>\n&#13;\n                <\/p><\/div>\n","protected":false},"excerpt":{"rendered":"","protected":false},"author":1,"featured_media":2610,"comment_status":"open","ping_status":"open","sticky":false,"template":"","format":"standard","meta":{"footnotes":""},"categories":[29],"tags":[],"class_list":["post-2609","post","type-post","status-publish","format-standard","has-post-thumbnail","hentry","category-spor"],"_links":{"self":[{"href":"https:\/\/haberkaradenizim.com\/index.php\/wp-json\/wp\/v2\/posts\/2609","targetHints":{"allow":["GET"]}}],"collection":[{"href":"https:\/\/haberkaradenizim.com\/index.php\/wp-json\/wp\/v2\/posts"}],"about":[{"href":"https:\/\/haberkaradenizim.com\/index.php\/wp-json\/wp\/v2\/types\/post"}],"author":[{"embeddable":true,"href":"https:\/\/haberkaradenizim.com\/index.php\/wp-json\/wp\/v2\/users\/1"}],"replies":[{"embeddable":true,"href":"https:\/\/haberkaradenizim.com\/index.php\/wp-json\/wp\/v2\/comments?post=2609"}],"version-history":[{"count":0,"href":"https:\/\/haberkaradenizim.com\/index.php\/wp-json\/wp\/v2\/posts\/2609\/revisions"}],"wp:featuredmedia":[{"embeddable":true,"href":"https:\/\/haberkaradenizim.com\/index.php\/wp-json\/wp\/v2\/media\/2610"}],"wp:attachment":[{"href":"https:\/\/haberkaradenizim.com\/index.php\/wp-json\/wp\/v2\/media?parent=2609"}],"wp:term":[{"taxonomy":"category","embeddable":true,"href":"https:\/\/haberkaradenizim.com\/index.php\/wp-json\/wp\/v2\/categories?post=2609"},{"taxonomy":"post_tag","embeddable":true,"href":"https:\/\/haberkaradenizim.com\/index.php\/wp-json\/wp\/v2\/tags?post=2609"}],"curies":[{"name":"wp","href":"https:\/\/api.w.org\/{rel}","templated":true}]}}