{"id":2607,"date":"2023-12-09T12:12:00","date_gmt":"2023-12-09T09:12:00","guid":{"rendered":"https:\/\/haberkaradenizim.com\/index.php\/2023\/12\/09\/asi-yok-diyen-aile-hekimi-hakim-karsisina-cikiyor\/"},"modified":"2023-12-09T12:12:00","modified_gmt":"2023-12-09T09:12:00","slug":"asi-yok-diyen-aile-hekimi-hakim-karsisina-cikiyor","status":"publish","type":"post","link":"https:\/\/haberkaradenizim.com\/index.php\/2023\/12\/09\/asi-yok-diyen-aile-hekimi-hakim-karsisina-cikiyor\/","title":{"rendered":"\u2018A\u015f\u0131 Yok\u2019 Diyen Aile Hekimi Hakim Kar\u015f\u0131s\u0131na \u00c7\u0131k\u0131yor!"},"content":{"rendered":"<div data-text-id=\"30515\" property=\"articleBody\">\n<p><a href=\"https:\/\/www.saglikpersonelihaber.net\/haberleri\" class=\"internal_link\" target=\"_blank\" title=\"\" rel=\"noopener\">Eryazgan, konuyla ilgili yapt\u0131\u011f\u0131 a\u00e7\u0131klamada, &#8220;Biz do\u011frular\u0131 s\u00f6yledik, yalan s\u00f6ylemedik. Do\u011frular\u0131 s\u00f6ylemeye devam edece\u011fiz, elimizde belgeler var, kan\u0131tlar var, \u015fahitlerimiz var, onlar\u0131 mahkemeye sunaca\u011f\u0131z. A\u015f\u0131n\u0131n o d\u00f6nemde olmad\u0131\u011f\u0131na dair yo\u011fun bir evrak belge var, \u015fahitlerimiz de var&#8221; dedi. M\u00fcfetti\u015f raporunda da a\u015f\u0131n\u0131n o d\u00f6nemde eksik g\u00f6nderildi\u011fine dair kabul\u00fcn bulundu\u011funu belirten Eryazgan, il\u00e7e sa\u011fl\u0131k m\u00fcd\u00fcrl\u00fcklerinden o d\u00f6nemde yap\u0131lan yaz\u0131\u015fmalarda aile sa\u011fl\u0131k \u00e7al\u0131\u015fanlar\u0131n\u0131n &#8220;a\u015f\u0131 yok, a\u015f\u0131 eksik&#8221; diye mesajlar ald\u0131\u011f\u0131n\u0131 ve bu nedenle a\u015f\u0131lar\u0131n\u0131 erteledikleri \u00e7ocuklara ait belgelerin bulundu\u011funu ifade etti.<\/p>\n<p>Eryazgan, davaya 20&#8217;ye yak\u0131n derne\u011fin ve meslek \u00f6rg\u00fctlerinin mahkemeye gelip destek sunaca\u011f\u0131n\u0131 da s\u00f6zlerine ekledi.<\/p>\n<p><strong>Ne olmu\u015ftu?<\/strong><\/p>\n<div class=\"post-flash\">\n        <!--\n\n<h3 class=\"post-flash__title\">G&ouml;zden ka&ccedil;&#305;rmay&#305;n<\/h3>\n\n--><br \/>\n                <a href=\"https:\/\/www.saglikpersonelihaber.net\/memurlarin-ve-kamu-iscilerinin-bekledigi-haber-toplantida-gundeme-gelmedi\" class=\"post-flash__content\" target=\"_self\" title=\"Memurlar\u0131n Ve Kamu \u0130\u015f\u00e7ilerinin Bekledi\u011fi Haber Toplant\u0131da G\u00fcndeme Gelmedi!\" style=\"background-color: #A61C1E\" rel=\"noopener\"><br \/>\n            <img loading=\"lazy\" decoding=\"async\" src=\"https:\/\/saglikpersonelihabernet.teimg.com\/crop\/250x150\/saglikpersonelihaber-net\/uploads\/2023\/12\/haber.jpg\" alt=\"Memurlar\u0131n Ve Kamu \u0130\u015f\u00e7ilerinin Bekledi\u011fi Haber Toplant\u0131da G\u00fcndeme Gelmedi!\" width=\"231\" height=\"140\" class=\"content-paragraph-image\"\/><br \/>\n            <span class=\"post-flash__heading\"><br \/>\n                <span class=\"post-flash__h4\">Memurlar\u0131n Ve Kamu \u0130\u015f\u00e7ilerinin Bekledi\u011fi Haber Toplant\u0131da G\u00fcndeme Gelmedi!<\/span><br \/>\n            <\/span><br \/>\n        <\/a>\n            <\/div>\n<p>Eryazgan, ge\u00e7ti\u011fimiz y\u0131l kat\u0131ld\u0131\u011f\u0131 bir canl\u0131 yay\u0131nda &#8220;A\u015f\u0131 noktas\u0131nda s\u0131k\u0131nt\u0131 ya\u015f\u0131yoruz. A\u015f\u0131y\u0131 yapam\u0131yoruz, eksik kal\u0131yor&#8221; diyerek 0-2 ya\u015f aras\u0131nda yap\u0131lmas\u0131 gereken Hepatit B, \u00e7ocuk felci ve verem a\u015f\u0131lar\u0131n\u0131n eksik oldu\u011funu dile getirmi\u015fti. Kamuoyunda &#8216;Sans\u00fcr Yasas\u0131&#8217; olarak bilinen &#8216;Bas\u0131n Kanunu ve Baz\u0131 Kanunlarda De\u011fi\u015fiklik Yap\u0131lmas\u0131na Dair Kanun&#8217;da yer alan &#8216;halk\u0131 yanl\u0131\u015f bilgilendirmek&#8217; ve &#8216;yalan beyanda bulunmak&#8217; ile su\u00e7lanan Eryazgan hakk\u0131nda 1 y\u0131ldan 3 y\u0131la kadar hapis cezas\u0131n\u0131n yan\u0131 s\u0131ra meslek \u00f6rg\u00fctlerinden men edilmesi talep ediliyor.<\/p>\n<\/p><\/div>\n","protected":false},"excerpt":{"rendered":"<p>Eryazgan, konuyla ilgili yapt\u0131\u011f\u0131 a\u00e7\u0131klamada, &#8220;Biz do\u011frular\u0131 s\u00f6yledik, yalan s\u00f6ylemedik. Do\u011frular\u0131 s\u00f6ylemeye devam edece\u011fiz, elimizde<\/p>\n","protected":false},"author":1,"featured_media":2608,"comment_status":"open","ping_status":"open","sticky":false,"template":"","format":"standard","meta":{"footnotes":""},"categories":[27],"tags":[],"class_list":["post-2607","post","type-post","status-publish","format-standard","has-post-thumbnail","hentry","category-saglik"],"_links":{"self":[{"href":"https:\/\/haberkaradenizim.com\/index.php\/wp-json\/wp\/v2\/posts\/2607","targetHints":{"allow":["GET"]}}],"collection":[{"href":"https:\/\/haberkaradenizim.com\/index.php\/wp-json\/wp\/v2\/posts"}],"about":[{"href":"https:\/\/haberkaradenizim.com\/index.php\/wp-json\/wp\/v2\/types\/post"}],"author":[{"embeddable":true,"href":"https:\/\/haberkaradenizim.com\/index.php\/wp-json\/wp\/v2\/users\/1"}],"replies":[{"embeddable":true,"href":"https:\/\/haberkaradenizim.com\/index.php\/wp-json\/wp\/v2\/comments?post=2607"}],"version-history":[{"count":0,"href":"https:\/\/haberkaradenizim.com\/index.php\/wp-json\/wp\/v2\/posts\/2607\/revisions"}],"wp:featuredmedia":[{"embeddable":true,"href":"https:\/\/haberkaradenizim.com\/index.php\/wp-json\/wp\/v2\/media\/2608"}],"wp:attachment":[{"href":"https:\/\/haberkaradenizim.com\/index.php\/wp-json\/wp\/v2\/media?parent=2607"}],"wp:term":[{"taxonomy":"category","embeddable":true,"href":"https:\/\/haberkaradenizim.com\/index.php\/wp-json\/wp\/v2\/categories?post=2607"},{"taxonomy":"post_tag","embeddable":true,"href":"https:\/\/haberkaradenizim.com\/index.php\/wp-json\/wp\/v2\/tags?post=2607"}],"curies":[{"name":"wp","href":"https:\/\/api.w.org\/{rel}","templated":true}]}}