{"id":2605,"date":"2023-12-09T09:42:29","date_gmt":"2023-12-09T06:42:29","guid":{"rendered":"https:\/\/haberkaradenizim.com\/index.php\/2023\/12\/09\/transfer-haberleri-fenerbahcede-tolisso-bombasi-fransizlar-duyurdu\/"},"modified":"2023-12-09T09:42:29","modified_gmt":"2023-12-09T06:42:29","slug":"transfer-haberleri-fenerbahcede-tolisso-bombasi-fransizlar-duyurdu","status":"publish","type":"post","link":"https:\/\/haberkaradenizim.com\/index.php\/2023\/12\/09\/transfer-haberleri-fenerbahcede-tolisso-bombasi-fransizlar-duyurdu\/","title":{"rendered":"TRANSFER HABERLER\u0130 &#8211; Fenerbah\u00e7e&#039;de Tolisso bombas\u0131! Frans\u0131zlar duyurdu"},"content":{"rendered":"<p><<img decoding=\"async\" src=\"https:\/\/iaftm.tmgrup.com.tr\/3cad5d\/622\/349\/0\/0\/943\/528?u=https:\/\/iftm.tmgrup.com.tr\/2023\/12\/09\/transfer-haberleri-fenerbahcede-tolisso-bombasi-fransizlar-duyurdu-1702098597216.jpg\" alt=\"TRANSFER HABERLER\u0130 - Fenerbah\u00e7e'de Tolisso bombas\u0131! Frans\u0131zlar duyurdu\" \/><br \/>Son dakika Fenerbah\u00e7e transfer haberleri&#8230; Devre aras\u0131 transfer d\u00f6nemi \u00e7al\u0131\u015fmalar\u0131nda vites y\u00fckselten Fenerbah\u00e7e i\u00e7in Fransa&#8217;dan Corentin Tolisso iddias\u0131 geldi. \u0130\u015fte ayr\u0131nt\u0131lar&#8230; (FB transfer haber&#8230;<a href=\"https:\/\/www.fotomac.com.tr\/fenerbahce\/2023\/12\/09\/transfer-haberleri-fenerbahcede-tolisso-bombasi-fransizlar-duyurdu\">Devam\u0131 i\u00e7in t\u0131klay\u0131n\u0131z<\/a><\/p>\n","protected":false},"excerpt":{"rendered":"","protected":false},"author":1,"featured_media":2606,"comment_status":"open","ping_status":"open","sticky":false,"template":"","format":"standard","meta":{"footnotes":""},"categories":[29],"tags":[],"class_list":["post-2605","post","type-post","status-publish","format-standard","has-post-thumbnail","hentry","category-spor"],"_links":{"self":[{"href":"https:\/\/haberkaradenizim.com\/index.php\/wp-json\/wp\/v2\/posts\/2605","targetHints":{"allow":["GET"]}}],"collection":[{"href":"https:\/\/haberkaradenizim.com\/index.php\/wp-json\/wp\/v2\/posts"}],"about":[{"href":"https:\/\/haberkaradenizim.com\/index.php\/wp-json\/wp\/v2\/types\/post"}],"author":[{"embeddable":true,"href":"https:\/\/haberkaradenizim.com\/index.php\/wp-json\/wp\/v2\/users\/1"}],"replies":[{"embeddable":true,"href":"https:\/\/haberkaradenizim.com\/index.php\/wp-json\/wp\/v2\/comments?post=2605"}],"version-history":[{"count":0,"href":"https:\/\/haberkaradenizim.com\/index.php\/wp-json\/wp\/v2\/posts\/2605\/revisions"}],"wp:featuredmedia":[{"embeddable":true,"href":"https:\/\/haberkaradenizim.com\/index.php\/wp-json\/wp\/v2\/media\/2606"}],"wp:attachment":[{"href":"https:\/\/haberkaradenizim.com\/index.php\/wp-json\/wp\/v2\/media?parent=2605"}],"wp:term":[{"taxonomy":"category","embeddable":true,"href":"https:\/\/haberkaradenizim.com\/index.php\/wp-json\/wp\/v2\/categories?post=2605"},{"taxonomy":"post_tag","embeddable":true,"href":"https:\/\/haberkaradenizim.com\/index.php\/wp-json\/wp\/v2\/tags?post=2605"}],"curies":[{"name":"wp","href":"https:\/\/api.w.org\/{rel}","templated":true}]}}